{"id":1199,"date":"2013-07-19T20:30:00","date_gmt":"2013-07-19T20:30:00","guid":{"rendered":"http:\/\/fabriquilla25.com\/?p=1199"},"modified":"2015-05-05T18:42:54","modified_gmt":"2015-05-05T18:42:54","slug":"etapa-13-millingen-rhenen-69-km-19-julio","status":"publish","type":"post","link":"http:\/\/fabriquilla25.com\/?p=1199","title":{"rendered":"Etapa 13.Millingen-Rhenen. 69 km 19 julio"},"content":{"rendered":"<div dir=\"ltr\">Estamos en Rhenen, se supon\u00eda que aqui&nbsp;no hab\u00eda camping (no aparece en la todo poderosa gu\u00eda que todos llevamos), pero hemos encontrado uno.<\/p>\n<p>Ha sido una etapa de las buenas, hoy por fin hemos llevado el viento a favor y hay que decir que hoy es uno de los d\u00edas que ha soplado con m\u00e1s fuerza. Se nota mucho, se pedalea con otra alegr\u00eda y encima ha estado gran parte del d\u00eda nublado y cuando ha salido el sol, nuestro camino iba entre \u00e1rboles.<\/p>\n<div style=\"text-align: center;\"><a href=\"http:\/\/fabriquilla25.com\/wordpress\/wp-content\/uploads\/2013\/07\/IMGP0338.jpg\" style=\"margin-left: 1em; margin-right: 1em;\"><img loading=\"lazy\" border=\"0\" height=\"360\" src=\"http:\/\/fabriquilla25.com\/wordpress\/wp-content\/uploads\/2013\/07\/IMGP0338-300x169.jpg\" width=\"640\" \/><\/a><\/div>\n<p>Esta ha sido la primera etapa en los Pa\u00edses Bajos y si es todo el pa\u00eds as\u00ed, nos va a encantar (aunque las cervezas no sean de medio litro y heineken sea la marca estrella). Un \u201cpero\u201c tengo que ponerme a la etapa : \u00bfNo se supon\u00eda que este pa\u00eds era entero llano? \u00a1Pues ha sido la etapa que m\u00e1s sube y baja hemos tenido!<br \/>Eso s\u00ed, todo muy bien se\u00f1alizado y discurriendo por sitios muy bonitos.<\/p>\n<p>Hemos visto los primeros canales, hemos comido en Arhem, una ciudad con un casco viejo precioso, nos ha encantado.<\/p>\n<div style=\"text-align: center;\"><a href=\"http:\/\/fabriquilla25.com\/wordpress\/wp-content\/uploads\/2013\/07\/IMGP0331.jpg\" style=\"margin-left: 1em; margin-right: 1em;\"><img border=\"0\" src=\"http:\/\/fabriquilla25.com\/wordpress\/wp-content\/uploads\/2013\/07\/IMGP0331-169x300.jpg\" \/><\/a><\/div>\n<p>Al salir de Arhem &nbsp;nos hemos despistado, la digesti\u00f3n, je, je&#8230;pero no nos ha importado, est\u00e1 todo bien se\u00f1alizado y s\u00f3lo ha sido un poco m\u00e1s de turismo por la zona.&nbsp;<strike>En cuanto tengamos la posibilidad, subimos las rutas del GPS<\/strike>&nbsp;(Actualizado!!).<\/p>\n<div style=\"text-align: center;\"><a href=\"http:\/\/fabriquilla25.com\/wordpress\/wp-content\/uploads\/2013\/07\/IMG_2706.jpg\" style=\"margin-left: 1em; margin-right: 1em;\"><img loading=\"lazy\" border=\"0\" height=\"300\" src=\"http:\/\/fabriquilla25.com\/wordpress\/wp-content\/uploads\/2013\/07\/IMG_2706-300x225.jpg\" width=\"400\" \/><\/a><\/div>\n<p>Hemos llegado a Rhenen, hemos encendido nuestra nueva y flamante tarjeta SIM de Lebara (10 euros 1 giga, comprar, encender y listo, sin registrarse ni nada. \u00a1Muy buena opcion viajeros!) y con ella hemos buscado el camping. Hemos llegado sin problemas, un camping precioso y estamos solos (es lo que tiene que no aparezca en la gu\u00eda, que no tiene barrio alforjero).<\/p>\n<p>Como hemos llegado a las seis y media a montar con tranquilidad, cargar bater\u00edas, escribir cr\u00f3nicas y como nos descuidemos al sobre a las 22.00 &nbsp;<u>h<\/u>.<\/div>\n<div dir=\"ltr\">El track:<\/div>\n<div dir=\"ltr\"><\/div>\n<p><iframe loading=\"lazy\" frameborder=\"0\" height=\"400\" marginheight=\"0\" marginwidth=\"0\" scrolling=\"no\" src=\"http:\/\/www.gpsies.com\/mapOnly.do?fileId=cycwofdzeudtflsj\" width=\"600\"><\/iframe> <\/p>\n<div dir=\"ltr\"><\/div>\n<div dir=\"ltr\">Las fotos:<\/div>\n<div style=\"clear: both; text-align: center;\"><\/div>\n<div style=\"clear: both; text-align: center;\"><a href=\"http:\/\/fabriquilla25.com\/wordpress\/wp-content\/uploads\/2013\/07\/IMGP0320.jpg\" style=\"margin-left: 1em; margin-right: 1em;\"> <img border=\"0\" src=\"http:\/\/fabriquilla25.com\/wordpress\/wp-content\/uploads\/2013\/07\/IMGP0320-300x169.jpg\" \/> <\/a> <\/div>\n<div style=\"clear: both; text-align: center;\"><\/div>\n<div style=\"clear: both; text-align: center;\"><a href=\"http:\/\/fabriquilla25.com\/wordpress\/wp-content\/uploads\/2013\/07\/IMGP0325.jpg\" style=\"margin-left: 1em; margin-right: 1em;\"> <img border=\"0\" src=\"http:\/\/fabriquilla25.com\/wordpress\/wp-content\/uploads\/2013\/07\/IMGP0325-169x300.jpg\" \/> <\/a> <\/div>\n<div style=\"clear: both; text-align: center;\"><\/div>\n<table align=\"center\" cellpadding=\"0\" cellspacing=\"0\" style=\"margin-left: auto; margin-right: auto; text-align: center;\">\n<tbody>\n<tr>\n<td style=\"text-align: center;\"><img border=\"0\" src=\"http:\/\/fabriquilla25.com\/wordpress\/wp-content\/uploads\/2013\/07\/IMGP0333-300x169.jpg\" style=\"margin-left: auto; margin-right: auto;\" \/><\/td>\n<\/tr>\n<tr>\n<td style=\"text-align: center;\">\u00bfesto que \u00e9 lo que \u00e9??<\/td>\n<\/tr>\n<\/tbody>\n<\/table>\n<div style=\"clear: both; text-align: center;\"><a href=\"http:\/\/lh5.ggpht.com\/-XAc4larzI0w\/UfFhH_UsnCI\/AAAAAAAAF6o\/weLxE__nNR4\/s1600\/IMGP0333.JPG\" style=\"margin-left: 1em; margin-right: 1em;\">  <\/a> <\/div>\n<div style=\"clear: both; text-align: center;\"><\/div>\n","protected":false},"excerpt":{"rendered":"<p>Estamos en Rhenen, se supon\u00eda que aqui&nbsp;no hab\u00eda camping (no aparece en la todo poderosa gu\u00eda que todos llevamos), pero hemos encontrado uno. Ha sido una etapa de las buenas, hoy por fin hemos llevado el viento a favor y hay que decir que hoy es uno de los d\u00edas que ha soplado con m\u00e1s [&hellip;]<\/p>\n","protected":false},"author":2,"featured_media":1330,"comment_status":"open","ping_status":"open","sticky":false,"template":"","format":"standard","meta":[],"categories":[10,1,4],"tags":[],"_links":{"self":[{"href":"http:\/\/fabriquilla25.com\/index.php?rest_route=\/wp\/v2\/posts\/1199"}],"collection":[{"href":"http:\/\/fabriquilla25.com\/index.php?rest_route=\/wp\/v2\/posts"}],"about":[{"href":"http:\/\/fabriquilla25.com\/index.php?rest_route=\/wp\/v2\/types\/post"}],"author":[{"embeddable":true,"href":"http:\/\/fabriquilla25.com\/index.php?rest_route=\/wp\/v2\/users\/2"}],"replies":[{"embeddable":true,"href":"http:\/\/fabriquilla25.com\/index.php?rest_route=%2Fwp%2Fv2%2Fcomments&post=1199"}],"version-history":[{"count":1,"href":"http:\/\/fabriquilla25.com\/index.php?rest_route=\/wp\/v2\/posts\/1199\/revisions"}],"predecessor-version":[{"id":1473,"href":"http:\/\/fabriquilla25.com\/index.php?rest_route=\/wp\/v2\/posts\/1199\/revisions\/1473"}],"wp:featuredmedia":[{"embeddable":true,"href":"http:\/\/fabriquilla25.com\/index.php?rest_route=\/wp\/v2\/media\/1330"}],"wp:attachment":[{"href":"http:\/\/fabriquilla25.com\/index.php?rest_route=%2Fwp%2Fv2%2Fmedia&parent=1199"}],"wp:term":[{"taxonomy":"category","embeddable":true,"href":"http:\/\/fabriquilla25.com\/index.php?rest_route=%2Fwp%2Fv2%2Fcategories&post=1199"},{"taxonomy":"post_tag","embeddable":true,"href":"http:\/\/fabriquilla25.com\/index.php?rest_route=%2Fwp%2Fv2%2Ftags&post=1199"}],"curies":[{"name":"wp","href":"https:\/\/api.w.org\/{rel}","templated":true}]}}