{"id":1208,"date":"2013-07-13T21:43:00","date_gmt":"2013-07-13T21:43:00","guid":{"rendered":"http:\/\/fabriquilla25.com\/?p=1208"},"modified":"2015-05-05T18:43:52","modified_gmt":"2015-05-05T18:43:52","slug":"etapa-7-coblenza-remagen-50-km-estrenamos-el-rin","status":"publish","type":"post","link":"http:\/\/fabriquilla25.com\/?p=1208","title":{"rendered":"Etapa 7. Coblenza &#8211; Remagen. 50  km \u201cEstrenamos el Rin\u201c"},"content":{"rendered":"<div dir=\"ltr\">Esta ma\u00f1ana iniciamos la segunda fase de nuestro viaje abandonamos el Mosel y continuamos nuestras andanzas.<\/p>\n<div style=\"text-align: center;\"><a href=\"http:\/\/fabriquilla25.com\/wordpress\/wp-content\/uploads\/2013\/07\/IMGP0242.jpg\" style=\"margin-left: 1em; margin-right: 1em;\"><img border=\"0\" src=\"http:\/\/fabriquilla25.com\/wordpress\/wp-content\/uploads\/2013\/07\/IMGP0242-300x169.jpg\" \/><\/a><\/div>\n<p>Han sido s\u00f3lo 50 km, pero la climatolog\u00eda y la mec\u00e1nica han conspirado contra nosotros: un viento en contra (otra vez!!), que a ratos a sido duro, un sol que cae a pellejos y un ruido&#8230;km&#8230;un ruido&#8230;un ruido&#8230;\u00a1\u00a1Por Dios, voy montada en un Grillo en lugar de en una bicicleta!!..siiiiiiiiii, el <u>freeeeeeeeno<\/u>. Por m\u00e1s que hemos parado y lo hemos intentado&#8230;un ruido&#8230;el Grillo&#8230;el GRIIILLOOO. Y es que es un ruido que me machaca el cerebro y me frie diciendo \u201cte freno, te freno, te freno\u201c y yo obsesionada con el maldito Grillo que se merienda toda mi inercia, he tenido que parar en un taller, una vez colmada la paciencia de Paco.<\/p>\n<table align=\"center\" cellpadding=\"0\" cellspacing=\"0\" style=\"margin-left: auto; margin-right: auto; text-align: center;\">\n<tbody>\n<tr>\n<td style=\"text-align: center;\"><a href=\"http:\/\/fabriquilla25.com\/wordpress\/wp-content\/uploads\/2013\/07\/IMG_2643.jpg\" style=\"margin-left: auto; margin-right: auto;\"><img loading=\"lazy\" border=\"0\" height=\"300\" src=\"http:\/\/fabriquilla25.com\/wordpress\/wp-content\/uploads\/2013\/07\/IMG_2643-300x225.jpg\" width=\"400\" \/><\/a><\/td>\n<\/tr>\n<tr>\n<td style=\"text-align: center;\">\u00bf\u00bfde donde viene ese ruido??\u00bf\u00bfDONDE EST\u00c1 EL GRILLO??<\/td>\n<\/tr>\n<\/tbody>\n<\/table>\n<p>&nbsp;Damos con el taller, intenta matar al Grillo y mientras esperamos, flipamos con las bicis que tienen. Salimos de all\u00ed con un trato: el pr\u00f3ximo viaje lo hacemos en una de \u00e9stas y \u00a1Menos mal! Porque casi salgo con una bici nueva puesta, je, je, que vicio m\u00e1s malo hermano, me ties envenen\u00e1 la sangre con las bicicletas.<br \/>Salimos y &#8230;el Grillo!! Nooooooooooooooooooooo. No puede ser, paramos por en\u00e9sima vez y en acto de genialidad de Paco, parece que dejamos el ruido atr\u00e1s, los \u00faltimos 20 km son mucho m\u00e1s relajados.<\/p>\n<div style=\"text-align: center;\"><a href=\"http:\/\/fabriquilla25.com\/wordpress\/wp-content\/uploads\/2013\/07\/IMG_2648.jpg\" style=\"margin-left: 1em; margin-right: 1em;\"><img loading=\"lazy\" border=\"0\" height=\"640\" src=\"http:\/\/fabriquilla25.com\/wordpress\/wp-content\/uploads\/2013\/07\/IMG_2648-225x300.jpg\" width=\"480\" \/><\/a><\/div>\n<div style=\"text-align: center;\"><\/div>\n<div style=\"text-align: center;\"><a href=\"http:\/\/fabriquilla25.com\/wordpress\/wp-content\/uploads\/2013\/07\/IMG_2655.jpg\" style=\"margin-left: 1em; margin-right: 1em;\"><img loading=\"lazy\" border=\"0\" height=\"300\" src=\"http:\/\/fabriquilla25.com\/wordpress\/wp-content\/uploads\/2013\/07\/IMG_2655-300x225.jpg\" width=\"400\" \/><\/a><\/div>\n<div style=\"text-align: center;\"><\/div>\n<div style=\"text-align: center;\"><a href=\"http:\/\/fabriquilla25.com\/wordpress\/wp-content\/uploads\/2013\/07\/IMG_2649.jpg\" style=\"margin-left: 1em; margin-right: 1em;\"><img loading=\"lazy\" border=\"0\" height=\"300\" src=\"http:\/\/fabriquilla25.com\/wordpress\/wp-content\/uploads\/2013\/07\/IMG_2649-300x225.jpg\" width=\"400\" \/><\/a><\/div>\n<div style=\"text-align: center;\"><\/div>\n<p>Nos permiten disfrutar del paisaje, espero que el bicho no se suba m\u00e1s a mi bici.<\/p>\n<p>Al llegar a Remagen montamos la tienda, nos damos nuestra ducha (jeje, ya si que tenemos rutina) y vamos a pasearnos por el pueblo&#8230;.que sooorpresa&#8230;. otro pueblo bonito, que raaaarooooo. Cena y helado de lim\u00f3n (eso ahuyenta a Mostuita)<\/p>\n<div style=\"text-align: center;\"><a href=\"http:\/\/fabriquilla25.com\/wordpress\/wp-content\/uploads\/2013\/07\/IMG_2663.jpg\" style=\"margin-left: 1em; margin-right: 1em;\"><img loading=\"lazy\" border=\"0\" height=\"640\" src=\"http:\/\/fabriquilla25.com\/wordpress\/wp-content\/uploads\/2013\/07\/IMG_2663-225x300.jpg\" width=\"480\" \/><\/a><\/div>\n<p><\/p>\n<table align=\"center\" cellpadding=\"0\" cellspacing=\"0\" style=\"margin-left: auto; margin-right: auto; text-align: center;\">\n<tbody>\n<tr>\n<td style=\"text-align: center;\"><a href=\"http:\/\/fabriquilla25.com\/wordpress\/wp-content\/uploads\/2013\/07\/IMGP0243.jpg\" style=\"margin-left: auto; margin-right: auto;\"><img border=\"0\" src=\"http:\/\/fabriquilla25.com\/wordpress\/wp-content\/uploads\/2013\/07\/IMGP0243-300x77.jpg\" \/><\/a><\/td>\n<\/tr>\n<tr>\n<td style=\"text-align: center;\">Lal\u00e1 y Mostuita jejeje<\/td>\n<\/tr>\n<\/tbody>\n<\/table>\n<p>El track:<\/p>\n<p><iframe loading=\"lazy\" frameborder=\"0\" height=\"400\" marginheight=\"0\" marginwidth=\"0\" scrolling=\"no\" src=\"http:\/\/www.gpsies.com\/mapOnly.do?fileId=ayhibozcwykslydo\" width=\"600\"><\/iframe><\/div>\n<div style=\"clear: both; text-align: center;\"><\/div>\n<div style=\"clear: both; text-align: center;\"><\/div>\n<div style=\"clear: both; text-align: center;\"><\/div>\n<div style=\"clear: both; text-align: left;\">Las fotos:<\/div>\n<div style=\"clear: both; text-align: center;\"><\/div>\n<div style=\"clear: both; text-align: center;\"><a href=\"http:\/\/fabriquilla25.com\/wordpress\/wp-content\/uploads\/2013\/07\/IMG_2672.jpg\" style=\"margin-left: 1em; margin-right: 1em;\"> <img border=\"0\" src=\"http:\/\/fabriquilla25.com\/wordpress\/wp-content\/uploads\/2013\/07\/IMG_2672-300x225.jpg\" \/> <\/a> <\/div>\n<div style=\"clear: both; text-align: center;\"><\/div>\n<div style=\"clear: both; text-align: center;\"><a href=\"http:\/\/fabriquilla25.com\/wordpress\/wp-content\/uploads\/2013\/07\/IMG_2674.jpg\" style=\"margin-left: 1em; margin-right: 1em;\"> <img border=\"0\" src=\"http:\/\/fabriquilla25.com\/wordpress\/wp-content\/uploads\/2013\/07\/IMG_2674-225x300.jpg\" \/> <\/a> <\/div>\n<div style=\"clear: both; text-align: center;\"><\/div>\n<div style=\"clear: both; text-align: center;\"><a href=\"http:\/\/fabriquilla25.com\/wordpress\/wp-content\/uploads\/2013\/07\/IMG_2659.jpg\" style=\"margin-left: 1em; margin-right: 1em;\"><img loading=\"lazy\" border=\"0\" height=\"480\" src=\"http:\/\/fabriquilla25.com\/wordpress\/wp-content\/uploads\/2013\/07\/IMG_2659-300x225.jpg\" width=\"640\" \/><\/a><\/div>\n<p><\/p>\n<div style=\"clear: both; text-align: center;\"><\/div>\n<p><\/p>\n<div style=\"clear: both; text-align: center;\"><\/div>\n<p><\/p>\n<div style=\"clear: both; text-align: center;\"><\/div>\n<div style=\"clear: both; text-align: center;\"><\/div>\n<div style=\"clear: both; text-align: center;\"><\/div>\n<div style=\"clear: both; text-align: center;\"><\/div>\n","protected":false},"excerpt":{"rendered":"<p>Esta ma\u00f1ana iniciamos la segunda fase de nuestro viaje abandonamos el Mosel y continuamos nuestras andanzas. Han sido s\u00f3lo 50 km, pero la climatolog\u00eda y la mec\u00e1nica han conspirado contra nosotros: un viento en contra (otra vez!!), que a ratos a sido duro, un sol que cae a pellejos y un ruido&#8230;km&#8230;un ruido&#8230;un ruido&#8230;\u00a1\u00a1Por Dios, [&hellip;]<\/p>\n","protected":false},"author":2,"featured_media":1369,"comment_status":"open","ping_status":"open","sticky":false,"template":"","format":"standard","meta":[],"categories":[10,1,4],"tags":[],"_links":{"self":[{"href":"http:\/\/fabriquilla25.com\/index.php?rest_route=\/wp\/v2\/posts\/1208"}],"collection":[{"href":"http:\/\/fabriquilla25.com\/index.php?rest_route=\/wp\/v2\/posts"}],"about":[{"href":"http:\/\/fabriquilla25.com\/index.php?rest_route=\/wp\/v2\/types\/post"}],"author":[{"embeddable":true,"href":"http:\/\/fabriquilla25.com\/index.php?rest_route=\/wp\/v2\/users\/2"}],"replies":[{"embeddable":true,"href":"http:\/\/fabriquilla25.com\/index.php?rest_route=%2Fwp%2Fv2%2Fcomments&post=1208"}],"version-history":[{"count":1,"href":"http:\/\/fabriquilla25.com\/index.php?rest_route=\/wp\/v2\/posts\/1208\/revisions"}],"predecessor-version":[{"id":1482,"href":"http:\/\/fabriquilla25.com\/index.php?rest_route=\/wp\/v2\/posts\/1208\/revisions\/1482"}],"wp:featuredmedia":[{"embeddable":true,"href":"http:\/\/fabriquilla25.com\/index.php?rest_route=\/wp\/v2\/media\/1369"}],"wp:attachment":[{"href":"http:\/\/fabriquilla25.com\/index.php?rest_route=%2Fwp%2Fv2%2Fmedia&parent=1208"}],"wp:term":[{"taxonomy":"category","embeddable":true,"href":"http:\/\/fabriquilla25.com\/index.php?rest_route=%2Fwp%2Fv2%2Fcategories&post=1208"},{"taxonomy":"post_tag","embeddable":true,"href":"http:\/\/fabriquilla25.com\/index.php?rest_route=%2Fwp%2Fv2%2Ftags&post=1208"}],"curies":[{"name":"wp","href":"https:\/\/api.w.org\/{rel}","templated":true}]}}