{"id":1213,"date":"2013-07-09T19:38:00","date_gmt":"2013-07-09T19:38:00","guid":{"rendered":"http:\/\/fabriquilla25.com\/?p=1213"},"modified":"2015-05-05T18:43:52","modified_gmt":"2015-05-05T18:43:52","slug":"etapa-3-trier-kues-73-km","status":"publish","type":"post","link":"http:\/\/fabriquilla25.com\/?p=1213","title":{"rendered":"Etapa 3 Trier &#8211; Kues 73 km."},"content":{"rendered":"<div dir=\"ltr\">Este viaje no tenemos a Jos\u00e9 (media hora larguilla) para que nos time con los km, pero ya nos los tanga la gu\u00eda. <\/p>\n<p>Nos hemos levantado a buena hora, a la misma hora que todos los vecinos del barrio alforjero. Tanto que hemos coincidido para desayunar con dos matrimonios holandeses (de la edad de nuestros padres). Ellos van remontando el mosel (con el viento a favor no tiene tanto m\u00e9rito, mamone). Hay muy buen \u00abfeeling\u00bb entre bicicletas, y el desayuno ha sido una tertulia bastante agradable, hasta Lal\u00e1 ha hecho alg\u00fan chiste en ingl\u00e9s (y se han re\u00eddo!). Tras despedirnos y preguntarles por nuestra etapa (salir de las ciudades nunca es del todo f\u00e1cil&nbsp; y cualquier consejo se&nbsp; agradece) hemos empezado el camino.<\/p><\/div>\n<div dir=\"ltr\">El comienzo muy bien, rodamos una hora y paramos a por un bollo:<\/p>\n<p><a href=\"http:\/\/fabriquilla25.com\/wordpress\/wp-content\/uploads\/2013\/07\/IMGP0123.jpg\" style=\"clear: left; float: left; margin-bottom: 1em; margin-right: 1em;\"><img border=\"0\" src=\"http:\/\/fabriquilla25.com\/wordpress\/wp-content\/uploads\/2013\/07\/IMGP0123-300x169.jpg\" \/><\/a>Con gasolina vamos rodando por la margen izquierda con fresquito y a buen ritmo. Coincidimos con una visi\u00f3n del futuro. Abuelos, mirad lo que van a hacer Jose y Ana con vuestro nieto :).<\/div>\n<div dir=\"ltr\"><\/p>\n<div style=\"clear: both; text-align: center;\"><a href=\"http:\/\/fabriquilla25.com\/wordpress\/wp-content\/uploads\/2013\/07\/IMGP0125.jpg\" style=\"margin-left: 1em; margin-right: 1em;\"><img border=\"0\" src=\"http:\/\/fabriquilla25.com\/wordpress\/wp-content\/uploads\/2013\/07\/IMGP0125-300x169.jpg\" \/><\/a><\/div>\n<p>Llega un momento en que el camino bueno va por la margen derecha, as\u00ed que cruzamos un puente (el mosel es un pedazo de r\u00edo a estas alturas y cambiar de orilla conlleva subir un cuest\u00f3n &#8230;). Comemos ligero y la digesti\u00f3n la hacemos entre vi\u00f1edos cultivados &nbsp;en pendientes imposibles (no imagino otra forma de recolectar esa&nbsp;uva que no &nbsp;sea haciendo rappel), !las vi\u00f1as est\u00e1n plantadas en las paredes de la monta\u00f1a!.<\/p>\n<p><a href=\"http:\/\/fabriquilla25.com\/wordpress\/wp-content\/uploads\/2013\/07\/IMGP0132.jpg\" style=\"margin-left: 1em; margin-right: 1em; text-align: center;\"><img border=\"0\" src=\"http:\/\/fabriquilla25.com\/wordpress\/wp-content\/uploads\/2013\/07\/IMGP0132-300x169.jpg\" \/><\/a><\/p>\n<\/div>\n<div dir=\"ltr\">Pasamos por pueblos que parecen de mentira como Neumagen Dhron donde&nbsp; nos encontramos&nbsp; con un alem\u00e1n tocando un acorde\u00f3n y d\u00e1ndolo todo &nbsp;a pleno pulm\u00f3n (por supuesto hemos parado y le hemos dedicado una ovaci\u00f3n).<\/div>\n<div dir=\"ltr\"><a href=\"http:\/\/fabriquilla25.com\/wordpress\/wp-content\/uploads\/2013\/07\/IMGP0174.jpg\" style=\"margin-left: 1em; margin-right: 1em; text-align: center;\"><img border=\"0\" src=\"http:\/\/fabriquilla25.com\/wordpress\/wp-content\/uploads\/2013\/07\/IMGP0174-300x169.jpg\" \/><\/a><\/p>\n<p>A parir de aqu\u00ed el viaje se nos ha hecho un poco largo, llev\u00e1bamos viento de cara, hacia un poco de calor y hemos&nbsp; tenido que&nbsp; parar a meter los pies en el r\u00edo y&nbsp; tomarnos un helado (que vida m\u00e1s dura oiga), adem\u00e1s, seg\u00fan &nbsp;la gu\u00eda, la etapa era de 61 km y hemos hecho 73&#8230;.y eso que no nos hemos equivocado (casi).<\/p><\/div>\n<div dir=\"ltr\">Como toda etapa &nbsp;tiene su fin, estamos d\u00e1ndonos un fest\u00edn en el biergarten del camping y aprovechando la sobremesa para escribir la etapa.<\/div>\n<div dir=\"ltr\">El track:<\/div>\n<p><iframe loading=\"lazy\" frameborder=\"0\" height=\"400\" marginheight=\"0\" marginwidth=\"0\" scrolling=\"no\" src=\"http:\/\/www.gpsies.com\/mapOnly.do?fileId=ilhwwdixjobygjjr\" width=\"600\"><\/iframe> <\/p>\n<div style=\"clear: both; text-align: left;\"><\/div>\n<div style=\"clear: both; text-align: left;\"><\/div>\n<div style=\"clear: both; text-align: left;\">Las fotos:<\/div>\n<div style=\"clear: both; text-align: center;\"><\/div>\n<div style=\"clear: both; text-align: center;\"><a href=\"http:\/\/fabriquilla25.com\/wordpress\/wp-content\/uploads\/2013\/07\/IMGP0158.jpg\" style=\"margin-left: 1em; margin-right: 1em;\"> <img border=\"0\" src=\"http:\/\/fabriquilla25.com\/wordpress\/wp-content\/uploads\/2013\/07\/IMGP0158-300x169.jpg\" \/> <\/a> <\/div>\n<div style=\"clear: both; text-align: center;\"><\/div>\n<div style=\"clear: both; text-align: center;\"><a href=\"http:\/\/fabriquilla25.com\/wordpress\/wp-content\/uploads\/2013\/07\/IMGP0154.jpg\" style=\"margin-left: 1em; margin-right: 1em;\"> <img border=\"0\" src=\"http:\/\/fabriquilla25.com\/wordpress\/wp-content\/uploads\/2013\/07\/IMGP0154-300x169.jpg\" \/> <\/a> <\/div>\n<div style=\"clear: both; text-align: center;\"><\/div>\n<div style=\"clear: both; text-align: center;\"><a href=\"http:\/\/fabriquilla25.com\/wordpress\/wp-content\/uploads\/2013\/07\/IMGP0141.jpg\" style=\"margin-left: 1em; margin-right: 1em;\"> <img border=\"0\" src=\"http:\/\/fabriquilla25.com\/wordpress\/wp-content\/uploads\/2013\/07\/IMGP0141-300x169.jpg\" \/> <\/a> <\/div>\n<div style=\"clear: both; text-align: center;\">ri\u00f1ooooneeeees<\/div>\n","protected":false},"excerpt":{"rendered":"<p>Este viaje no tenemos a Jos\u00e9 (media hora larguilla) para que nos time con los km, pero ya nos los tanga la gu\u00eda. Nos hemos levantado a buena hora, a la misma hora que todos los vecinos del barrio alforjero. Tanto que hemos coincidido para desayunar con dos matrimonios holandeses (de la edad de nuestros [&hellip;]<\/p>\n","protected":false},"author":2,"featured_media":1405,"comment_status":"open","ping_status":"open","sticky":false,"template":"","format":"standard","meta":[],"categories":[10,4],"tags":[],"_links":{"self":[{"href":"http:\/\/fabriquilla25.com\/index.php?rest_route=\/wp\/v2\/posts\/1213"}],"collection":[{"href":"http:\/\/fabriquilla25.com\/index.php?rest_route=\/wp\/v2\/posts"}],"about":[{"href":"http:\/\/fabriquilla25.com\/index.php?rest_route=\/wp\/v2\/types\/post"}],"author":[{"embeddable":true,"href":"http:\/\/fabriquilla25.com\/index.php?rest_route=\/wp\/v2\/users\/2"}],"replies":[{"embeddable":true,"href":"http:\/\/fabriquilla25.com\/index.php?rest_route=%2Fwp%2Fv2%2Fcomments&post=1213"}],"version-history":[{"count":1,"href":"http:\/\/fabriquilla25.com\/index.php?rest_route=\/wp\/v2\/posts\/1213\/revisions"}],"predecessor-version":[{"id":1452,"href":"http:\/\/fabriquilla25.com\/index.php?rest_route=\/wp\/v2\/posts\/1213\/revisions\/1452"}],"wp:featuredmedia":[{"embeddable":true,"href":"http:\/\/fabriquilla25.com\/index.php?rest_route=\/wp\/v2\/media\/1405"}],"wp:attachment":[{"href":"http:\/\/fabriquilla25.com\/index.php?rest_route=%2Fwp%2Fv2%2Fmedia&parent=1213"}],"wp:term":[{"taxonomy":"category","embeddable":true,"href":"http:\/\/fabriquilla25.com\/index.php?rest_route=%2Fwp%2Fv2%2Fcategories&post=1213"},{"taxonomy":"post_tag","embeddable":true,"href":"http:\/\/fabriquilla25.com\/index.php?rest_route=%2Fwp%2Fv2%2Ftags&post=1213"}],"curies":[{"name":"wp","href":"https:\/\/api.w.org\/{rel}","templated":true}]}}