{"id":1216,"date":"2013-07-07T19:59:00","date_gmt":"2013-07-07T19:59:00","guid":{"rendered":"http:\/\/fabriquilla25.com\/?p=1216"},"modified":"2015-05-05T18:43:53","modified_gmt":"2015-05-05T18:43:53","slug":"etapa-2-sierck-les-bains-trier-me-cruzo-un-pais-hola-que-pasa","status":"publish","type":"post","link":"http:\/\/fabriquilla25.com\/?p=1216","title":{"rendered":"Etapa 2. Sierck les Bains &#8211; Trier \u00abme cruzo un pa\u00eds, Hola que pasa\u00bb"},"content":{"rendered":"<div dir=\"ltr\">No me lo cruzo y ya est\u00e1, que va, me lo cruzo con el viento en contra, que no es moco de pavo.<\/p>\n<p>Para todos aquellos que montais en bici o los que teng\u00e1is alguna noci\u00f3n de navegaci\u00f3n, sab\u00e9is lo duro que es ir contra el viento con dos velas abiertas&#8230;pues mis alforjas son dos velas abiertas.<\/p>\n<p>Hoy, en una etapa de 58.9 km, hemos dejado de pedalear unos 600 m, repartidas en dos mini-cuestas , que nos han sabido a gloria.<\/p>\n<div style=\"text-align: center;\"><a href=\"http:\/\/fabriquilla25.com\/wordpress\/wp-content\/uploads\/2013\/07\/IMGP0052.jpg\" style=\"margin-left: 1em; margin-right: 1em;\"><img border=\"0\" src=\"http:\/\/fabriquilla25.com\/wordpress\/wp-content\/uploads\/2013\/07\/IMGP0052-300x169.jpg\" \/><\/a><\/div>\n<p>Iba pedaleando para no ir para atr\u00e1s&#8230;\u00a1\u00a1\u00a1 Por Dios, iba en llano pedaleando con mis piernas y parte de mis ri\u00f1ones y en mi cuentakm pon\u00eda que iba a 9 km\/h!! &#8230;que verg\u00fcenza&#8230;un desaf\u00edo a las leyes de la f\u00edsica<\/p>\n<p>Pues as\u00ed, de esa guisa , nos hemos cruzado Luxemburgo, de sur a norte. Eso s\u00ed, la etapa ha sido muy bonita.<br \/>Nos levantamos a las 7.30, nos ha despertado el calor y tras desmontar camping globero, vamos en busca de un \u00abvasico-leche\u00bb que si no, en vez de la zole, viene Mostruita. Vamos al pueblo donde cenamos ayer&#8230;\u00bfhab\u00e9is visto \u00abBienvenidos al norte\u00bb?&#8230;pues hemos desayunado en Calais, ha sido total, el mismo tipo de calles y casas, todos los vecinos se saludan a gritos, se paran y se abrazan&#8230;todos, todos. Nos ha encantado el pueblo y la gente muy amable.<\/p>\n<div style=\"text-align: center;\"><a href=\"http:\/\/fabriquilla25.com\/wordpress\/wp-content\/uploads\/2013\/07\/IMG_2504.jpg\" style=\"margin-left: 1em; margin-right: 1em;\"><img border=\"0\" src=\"http:\/\/fabriquilla25.com\/wordpress\/wp-content\/uploads\/2013\/07\/IMG_2504-225x300.jpg\" \/><\/a><\/div>\n<p>Nada m\u00e1s salir, nos metemos en Luxemburgo, que tiene un \u00abmomento Andorra\u00bb que no veas, al parecer, tienen menos impuestos y las tiendas est\u00e1n llenas de alcohol, tabaco y \u00bfcaf\u00e9?!&nbsp; \u00a1Pero que venden el caf\u00e9 y el tabaco en cubos! Y eso es literal. La gente viene desde Francia y Alemania a comprar.<\/p>\n<p>Seguimos por el reci\u00e9n estrenado Luxemburgo y nos encontramos un desfile de la Polic\u00eda, de varios pa\u00edses, de varias \u00e9pocas y hasta la Polic\u00eda de Wisconsin!! Coches, camiones, uniformes y una feria que flipas&#8230;no hemos encontrado a la Benem\u00e9rita, eso s\u00ed que les ha faltado, ya ves.<\/p>\n<div style=\"text-align: center;\"><a href=\"http:\/\/fabriquilla25.com\/wordpress\/wp-content\/uploads\/2013\/07\/IMGP0102.jpg\" style=\"margin-left: 1em; margin-right: 1em;\"><img border=\"0\" src=\"http:\/\/fabriquilla25.com\/wordpress\/wp-content\/uploads\/2013\/07\/IMGP0102-300x169.jpg\" \/><\/a><\/div>\n<p>Bueno, pues no contentos con eso&#8230;toma exposici\u00f3n de coches americanos, enormes, nuevos, de \u00e9poca, motacas&#8230;banderas de barras y estrellas y concierto de Rock&#8230;hoy no llegamos!!&#8230;as\u00ed, con la boca abierta hacemos otros estupendos y frequitos 20 km.<br \/>Paramos a reponer fuerzas y nos jincamos un tremendo bocata de salami y queso que sabe a gloria.<\/p>\n<div style=\"text-align: center;\"><a href=\"http:\/\/fabriquilla25.com\/wordpress\/wp-content\/uploads\/2013\/07\/IMG_2511.jpg\" style=\"margin-left: 1em; margin-right: 1em;\"><img border=\"0\" src=\"http:\/\/fabriquilla25.com\/wordpress\/wp-content\/uploads\/2013\/07\/IMG_2511-300x225.jpg\" \/><\/a><\/div>\n<p>Los 20 siguiente duros, con calor y por carretera y como era medio d\u00eda, con el viento apretando<br \/>Y los 20 \u00faltimos mucho mejor, aunque con calor y viento, entretenidos por la margen del r\u00edo&#8230;y al llegar al camping&#8230;gracias Se\u00f1or, un bonito biergarten&#8230;as\u00ed que sin ducharnos, sin montar ni nada, una cervezaca de trigo, que nos ha hemos ganado.<\/p>\n<\/div>\n<div dir=\"ltr\">El track:<\/div>\n<div dir=\"ltr\"><\/div>\n<p><iframe loading=\"lazy\" frameborder=\"0\" height=\"400\" marginheight=\"0\" marginwidth=\"0\" scrolling=\"no\" src=\"http:\/\/www.gpsies.com\/mapOnly.do?fileId=vzmnafcduonjpfbt\" width=\"600\"><\/iframe> <\/p>\n<div style=\"clear: both; text-align: center;\"><\/div>\n<div style=\"clear: both; text-align: left;\">Las fotos:<\/div>\n<div style=\"clear: both; text-align: left;\"><\/div>\n<div style=\"clear: both; text-align: center;\"><a href=\"http:\/\/fabriquilla25.com\/wordpress\/wp-content\/uploads\/2013\/07\/IMG_2496.jpg\" style=\"margin-left: 1em; margin-right: 1em;\"><img border=\"0\" src=\"http:\/\/fabriquilla25.com\/wordpress\/wp-content\/uploads\/2013\/07\/IMG_2496-300x225.jpg\" \/><\/a><\/div>\n<div style=\"clear: both; text-align: center;\"><\/div>\n<div style=\"clear: both; text-align: center;\"><a href=\"http:\/\/fabriquilla25.com\/wordpress\/wp-content\/uploads\/2013\/07\/IMG_2497.jpg\" style=\"margin-left: 1em; margin-right: 1em;\"> <img border=\"0\" src=\"http:\/\/fabriquilla25.com\/wordpress\/wp-content\/uploads\/2013\/07\/IMG_2497-300x225.jpg\" \/> <\/a> <\/div>\n<div style=\"clear: both; text-align: center;\"><\/div>\n<div style=\"clear: both; text-align: center;\"><a href=\"http:\/\/fabriquilla25.com\/wordpress\/wp-content\/uploads\/2013\/07\/IMG_2498.jpg\" style=\"margin-left: 1em; margin-right: 1em;\"> <img border=\"0\" src=\"http:\/\/fabriquilla25.com\/wordpress\/wp-content\/uploads\/2013\/07\/IMG_2498-225x300.jpg\" \/> <\/a> <\/div>\n<div style=\"clear: both; text-align: center;\"><\/div>\n<div style=\"clear: both; text-align: center;\"><a href=\"http:\/\/fabriquilla25.com\/wordpress\/wp-content\/uploads\/2013\/07\/IMG_2501.jpg\" style=\"margin-left: 1em; margin-right: 1em;\"> <img border=\"0\" src=\"http:\/\/fabriquilla25.com\/wordpress\/wp-content\/uploads\/2013\/07\/IMG_2501-225x300.jpg\" \/> <\/a> <\/div>\n<div style=\"clear: both; text-align: center;\"><\/div>\n<div style=\"clear: both; text-align: center;\"><a href=\"http:\/\/fabriquilla25.com\/wordpress\/wp-content\/uploads\/2013\/07\/IMGP0068.jpg\" style=\"margin-left: 1em; margin-right: 1em;\"> <img border=\"0\" src=\"http:\/\/fabriquilla25.com\/wordpress\/wp-content\/uploads\/2013\/07\/IMGP0068-300x169.jpg\" \/> <\/a> <\/div>\n<div style=\"clear: both; text-align: center;\"><\/div>\n<div style=\"clear: both; text-align: center;\"><\/div>\n<div style=\"clear: both; text-align: center;\"><\/div>\n<div style=\"clear: both; text-align: center;\"><\/div>\n","protected":false},"excerpt":{"rendered":"<p>No me lo cruzo y ya est\u00e1, que va, me lo cruzo con el viento en contra, que no es moco de pavo. Para todos aquellos que montais en bici o los que teng\u00e1is alguna noci\u00f3n de navegaci\u00f3n, sab\u00e9is lo duro que es ir contra el viento con dos velas abiertas&#8230;pues mis alforjas son dos [&hellip;]<\/p>\n","protected":false},"author":2,"featured_media":1418,"comment_status":"open","ping_status":"open","sticky":false,"template":"","format":"standard","meta":[],"categories":[10,1,4],"tags":[],"_links":{"self":[{"href":"http:\/\/fabriquilla25.com\/index.php?rest_route=\/wp\/v2\/posts\/1216"}],"collection":[{"href":"http:\/\/fabriquilla25.com\/index.php?rest_route=\/wp\/v2\/posts"}],"about":[{"href":"http:\/\/fabriquilla25.com\/index.php?rest_route=\/wp\/v2\/types\/post"}],"author":[{"embeddable":true,"href":"http:\/\/fabriquilla25.com\/index.php?rest_route=\/wp\/v2\/users\/2"}],"replies":[{"embeddable":true,"href":"http:\/\/fabriquilla25.com\/index.php?rest_route=%2Fwp%2Fv2%2Fcomments&post=1216"}],"version-history":[{"count":1,"href":"http:\/\/fabriquilla25.com\/index.php?rest_route=\/wp\/v2\/posts\/1216\/revisions"}],"predecessor-version":[{"id":1489,"href":"http:\/\/fabriquilla25.com\/index.php?rest_route=\/wp\/v2\/posts\/1216\/revisions\/1489"}],"wp:featuredmedia":[{"embeddable":true,"href":"http:\/\/fabriquilla25.com\/index.php?rest_route=\/wp\/v2\/media\/1418"}],"wp:attachment":[{"href":"http:\/\/fabriquilla25.com\/index.php?rest_route=%2Fwp%2Fv2%2Fmedia&parent=1216"}],"wp:term":[{"taxonomy":"category","embeddable":true,"href":"http:\/\/fabriquilla25.com\/index.php?rest_route=%2Fwp%2Fv2%2Fcategories&post=1216"},{"taxonomy":"post_tag","embeddable":true,"href":"http:\/\/fabriquilla25.com\/index.php?rest_route=%2Fwp%2Fv2%2Ftags&post=1216"}],"curies":[{"name":"wp","href":"https:\/\/api.w.org\/{rel}","templated":true}]}}