{"id":1217,"date":"2013-07-06T21:38:00","date_gmt":"2013-07-06T21:38:00","guid":{"rendered":"http:\/\/fabriquilla25.com\/?p=1217"},"modified":"2015-05-05T18:43:53","modified_gmt":"2015-05-05T18:43:53","slug":"etapa-1-metz-sierck-les-bains-6-julio","status":"publish","type":"post","link":"http:\/\/fabriquilla25.com\/?p=1217","title":{"rendered":"Etapa 1 Metz &#8211; Sierck les bains. 6 julio"},"content":{"rendered":"<div dir=\"ltr\">Han sido unos 63 km aproximadamente. Al fin rodamos, que es a lo que hemos venido,\u00bf no?. Bueno, nos hemos entretenido para salir esta ma\u00f1ana, a\u00fan no tenemos la rutinilla de monta tienda\/desmonta tienda y hemos tardado un poco. Cuando nos disponemos a salir nos damos cuenta de que el suelo de la tienda no es lo \u00fanico que hemos olvidado \u00a1La gu\u00eda de las etapas, las direcciones de&nbsp; campings y los lugares que ten\u00edamos que ver&nbsp; se han quedado en&nbsp; Almer\u00eda!&#8230;.como se nota que la log\u00edstica es m\u00e1s de Jose y Ana, as\u00ed que hemos tenido que volver al centro de la ciudad y buscar la \u00abi\u00bb para que que&nbsp; nos orienten. Hemos tenido suerte, eso s\u00ed, tenemos la misma gu\u00eda ahora en Alem\u00e1n ;).<\/p>\n<p><a href=\"http:\/\/fabriquilla25.com\/wordpress\/wp-content\/uploads\/2013\/07\/IMGP0047.jpg\" style=\"margin-left: 1em; margin-right: 1em; text-align: center;\"><img border=\"0\" src=\"http:\/\/fabriquilla25.com\/wordpress\/wp-content\/uploads\/2013\/07\/IMGP0047-300x169.jpg\" \/><\/a><\/p>\n<p>En cuanto hemos podido hemos empezado a rodar. Sensaciones buenas, aunque yo me peleo con mis alforjas y Paco con su \u00abpacarro\u00bb, pero muy contentos y muy ilusionados.<\/p>\n<p><a href=\"http:\/\/fabriquilla25.com\/wordpress\/wp-content\/uploads\/2013\/07\/IMGP0046.jpg\" style=\"margin-left: 1em; margin-right: 1em; text-align: center;\"><img border=\"0\" src=\"http:\/\/fabriquilla25.com\/wordpress\/wp-content\/uploads\/2013\/07\/IMGP0046-300x169.jpg\" \/><\/a><\/p>\n<p>Como no puede ser de otra manera, acordandonos a cada pedalada de Jose y Ana <br \/>-\u00bfTe acuerdas de cuando en el Danubio&#8230;.?<br \/>-Ellos no se habr\u00edan dejado la gu\u00eda.<br \/>Y as\u00ed todo el rato.<\/div>\n<div dir=\"ltr\">Bueno, la primera mitad de la etapa (30 km) m\u00e1s duros, con sol y viento en contra, por un lateral del r\u00edo sin pueblos donde parar ni reposar. Comemos en Thionville continuamos los siguientes 33 km m\u00e1s bonitos, menos mon\u00f3tonos, viendo como la gente monta su tienda de campa\u00f1a y sus ca\u00f1as (suegro, llevabas raz\u00f3n, no habr\u00eda venido mal una ca\u00f1a) y aprovechan&nbsp; su r\u00edo con kayaks, lanchas, sombrillas, pesqueras y barbacoas&#8230;.como si fuese el mism\u00edsimo Balerma, un lujo vamos. Hemos cogido algo de sombra y nos hemos ba\u00f1ado en una fuente.<\/p>\n<div style=\"text-align: center;\"><\/div>\n<div style=\"text-align: center;\"><a href=\"http:\/\/fabriquilla25.com\/wordpress\/wp-content\/uploads\/2013\/07\/IMGP0057.jpg\" style=\"margin-left: 1em; margin-right: 1em;\"><img border=\"0\" src=\"http:\/\/fabriquilla25.com\/wordpress\/wp-content\/uploads\/2013\/07\/IMGP0057-169x300.jpg\" \/><\/a><\/div>\n<div style=\"text-align: center;\"><\/div>\n<p>Quer\u00edamos llegar a Perl, pero recordabamos que no ten\u00eda camping, y como estamos fuertes preferimos quedarnos en otro pueblo que si que tiene y reservarnos la habitacion para cuando estemos m\u00e1s cansados o haga mal tiempo. El camping es muy bonito, peque\u00f1o, tranquilo, en el mismo r\u00edo. Montamos, ducha y a buscar una cervezaca, que nos la hemos ganado.<\/p>\n<div style=\"text-align: center;\"><a href=\"http:\/\/fabriquilla25.com\/wordpress\/wp-content\/uploads\/2013\/07\/IMG_2493.jpg\" style=\"margin-left: 1em; margin-right: 1em;\"><img border=\"0\" src=\"http:\/\/fabriquilla25.com\/wordpress\/wp-content\/uploads\/2013\/07\/IMG_2493-225x300.jpg\" \/><\/a><\/div>\n<p>Eso s\u00ed, estamos en la frontera, pero esto todav\u00eda no es Alemania. Las cervezas no son todav\u00eda las que recordamos. Eso s\u00ed, no ser\u00e9 yo quien le haga ascos a una Kronenbourg o a una Heineken. Como de&nbsp; costumbre nos&nbsp; est\u00e1 costando acostumbrarnos al horario centro europeo. Yo lo de comer a las 12.00 &#8211; 12.30 no lo veo, y eso que a mi me gusta comer pronto (pero peaso mamone, si a las nueve os hab\u00e9is comido un croasan, que yo os he visto, \u00bfC\u00f3mo est\u00e1is pensando en comer&nbsp; las doce?). Cu\u00f1ao, lo del kebab muchas veces es por obligaci\u00f3n \ud83d\ude09 (el&nbsp; hoy ten\u00eda wifi, adem\u00e1s, Lal\u00e1 ha entrado en barrena, las piernas ya no&nbsp; le respond\u00edan y lo primero en aparecer ha sido&nbsp; kebab,&#8230;.que le vamos a hacer.<\/div>\n<div dir=\"ltr\"><\/div>\n<div dir=\"ltr\">El track:<\/div>\n<div dir=\"ltr\"><\/div>\n<div dir=\"ltr\"><iframe loading=\"lazy\" frameborder=\"0\" height=\"400\" marginheight=\"0\" marginwidth=\"0\" scrolling=\"no\" src=\"http:\/\/www.gpsies.com\/mapOnly.do?fileId=snkijgmzubljjsmp\" width=\"600\"><\/iframe> <\/p>\n<p>Las fotos:<\/p><\/div>\n<div style=\"clear: both; text-align: center;\"><\/div>\n<div style=\"clear: both; text-align: center;\"><a href=\"http:\/\/fabriquilla25.com\/wordpress\/wp-content\/uploads\/2013\/07\/IMGP0063.jpg\" style=\"margin-left: 1em; margin-right: 1em;\"> <img border=\"0\" src=\"http:\/\/fabriquilla25.com\/wordpress\/wp-content\/uploads\/2013\/07\/IMGP0063-300x169.jpg\" \/> <\/a> <\/div>\n<div style=\"clear: both; text-align: center;\"><\/div>\n<div style=\"clear: both; text-align: center;\"><\/div>\n<div style=\"clear: both; text-align: center;\"><\/div>\n","protected":false},"excerpt":{"rendered":"<p>Han sido unos 63 km aproximadamente. Al fin rodamos, que es a lo que hemos venido,\u00bf no?. Bueno, nos hemos entretenido para salir esta ma\u00f1ana, a\u00fan no tenemos la rutinilla de monta tienda\/desmonta tienda y hemos tardado un poco. Cuando nos disponemos a salir nos damos cuenta de que el suelo de la tienda no [&hellip;]<\/p>\n","protected":false},"author":2,"featured_media":1427,"comment_status":"open","ping_status":"open","sticky":false,"template":"","format":"standard","meta":[],"categories":[10,4],"tags":[],"_links":{"self":[{"href":"http:\/\/fabriquilla25.com\/index.php?rest_route=\/wp\/v2\/posts\/1217"}],"collection":[{"href":"http:\/\/fabriquilla25.com\/index.php?rest_route=\/wp\/v2\/posts"}],"about":[{"href":"http:\/\/fabriquilla25.com\/index.php?rest_route=\/wp\/v2\/types\/post"}],"author":[{"embeddable":true,"href":"http:\/\/fabriquilla25.com\/index.php?rest_route=\/wp\/v2\/users\/2"}],"replies":[{"embeddable":true,"href":"http:\/\/fabriquilla25.com\/index.php?rest_route=%2Fwp%2Fv2%2Fcomments&post=1217"}],"version-history":[{"count":1,"href":"http:\/\/fabriquilla25.com\/index.php?rest_route=\/wp\/v2\/posts\/1217\/revisions"}],"predecessor-version":[{"id":1453,"href":"http:\/\/fabriquilla25.com\/index.php?rest_route=\/wp\/v2\/posts\/1217\/revisions\/1453"}],"wp:featuredmedia":[{"embeddable":true,"href":"http:\/\/fabriquilla25.com\/index.php?rest_route=\/wp\/v2\/media\/1427"}],"wp:attachment":[{"href":"http:\/\/fabriquilla25.com\/index.php?rest_route=%2Fwp%2Fv2%2Fmedia&parent=1217"}],"wp:term":[{"taxonomy":"category","embeddable":true,"href":"http:\/\/fabriquilla25.com\/index.php?rest_route=%2Fwp%2Fv2%2Fcategories&post=1217"},{"taxonomy":"post_tag","embeddable":true,"href":"http:\/\/fabriquilla25.com\/index.php?rest_route=%2Fwp%2Fv2%2Ftags&post=1217"}],"curies":[{"name":"wp","href":"https:\/\/api.w.org\/{rel}","templated":true}]}}