{"id":1219,"date":"2013-07-05T19:56:00","date_gmt":"2013-07-05T19:56:00","guid":{"rendered":"http:\/\/fabriquilla25.com\/?p=1219"},"modified":"2015-05-05T18:43:53","modified_gmt":"2015-05-05T18:43:53","slug":"metz-5-de-julio","status":"publish","type":"post","link":"http:\/\/fabriquilla25.com\/?p=1219","title":{"rendered":"Metz 5 de julio."},"content":{"rendered":"<div dir=\"ltr\">\u00a1Dios que bueno esta dormir despu\u00e9s del palizon de ayer!. No madrugamos nada de nada, ha amanecido fresquito y con algo de llovizna. Vamos a nuestros encargos varios, la hoja de ruta:<br \/>-comprar un suelo para la tienda<br \/>-pasear por la ciudad<br \/>-reconstruir las bicicletas<br \/>-entregar el coche en un pol\u00edgono industrial<br \/>-buscar camping para dormir<br \/>-volver en bici al camping<\/div>\n<div dir=\"ltr\"><\/div>\n<div dir=\"ltr\">Todo ha ido bien. Metz es una ciudad muy muy bonita, el centro es muy curioso con casas&nbsp; de muy distintos estilos. Algunas con tejados&nbsp; tipo parisinas y otras al m\u00e1s puro estilo alem\u00e1n. Mucho color y flores en las ventanas y con el encanto que tiene una ciudad con r\u00edo.<\/div>\n<div dir=\"ltr\"><\/div>\n<div dir=\"ltr\"><\/div>\n<div dir=\"ltr\" style=\"text-align: center;\"><a href=\"http:\/\/fabriquilla25.com\/wordpress\/wp-content\/uploads\/2013\/07\/IMG_2479.jpg\" style=\"margin-left: 1em; margin-right: 1em;\"><img border=\"0\" src=\"http:\/\/fabriquilla25.com\/wordpress\/wp-content\/uploads\/2013\/07\/IMG_2479-300x225.jpg\" \/><\/a><\/div>\n<div dir=\"ltr\"><\/div>\n<div dir=\"ltr\">Hemos comido en una peque\u00f1a cafeter\u00eda (a las 12&#8217;30, horario franc\u00e9s, jejeje) lo m\u00e1s cansado ha sido desembalar y&nbsp; montar las bicicletas, pero en dos horas est\u00e1bamos listos&nbsp; y en camino. <\/div>\n<div dir=\"ltr\"><\/div>\n<div dir=\"ltr\">Ahora mismo son las 19&#8217;15 y ya estamos en el camping. Paco ha montado su PacArro (\u00bfPacAgro?) Y tras unos peque\u00f1os ajustes parece que va bastante bien. Antes de empezar a montar unas poquitas de chips ahoy (que eso sienta mu bien, \u00bfVerdad Cu\u00f1ao?)<\/div>\n<div dir=\"ltr\"><\/div>\n<div style=\"clear: both; text-align: center;\"><a href=\"http:\/\/fabriquilla25.com\/wordpress\/wp-content\/uploads\/2013\/07\/IMG_2477.jpg\" style=\"margin-left: 1em; margin-right: 1em;\"> <img border=\"0\" src=\"http:\/\/fabriquilla25.com\/wordpress\/wp-content\/uploads\/2013\/07\/IMG_2477-300x225.jpg\" \/> <\/a> <\/div>\n<div style=\"clear: both; text-align: center;\"><\/div>\n<div style=\"clear: both; text-align: left;\">Y para cenar nos vamos a la plaza mas principal del sitio a buscar una cervezota y aprovechando que estamos en la France, pues una taul\u00e9 de fromage jejeje, como nos hemos acordado de nuestras madres en la cena, estamos seguros de que os encantar\u00eda. Ojal\u00e1 hubieseis estado aqui con nosotros, os hemos hechado mucho de menos. Os queremos.<\/div>\n<div style=\"clear: both; text-align: center;\"><\/div>\n<div style=\"clear: both; text-align: left;\">Las fotos:<\/div>\n<div style=\"clear: both; text-align: left;\"><\/div>\n<div style=\"clear: both; text-align: center;\"><a href=\"http:\/\/fabriquilla25.com\/wordpress\/wp-content\/uploads\/2013\/07\/IMGP0041.jpg\" style=\"margin-left: 1em; margin-right: 1em;\"><img border=\"0\" src=\"http:\/\/fabriquilla25.com\/wordpress\/wp-content\/uploads\/2013\/07\/IMGP0041-300x169.jpg\" \/><\/a><\/div>\n<div style=\"clear: both; text-align: left;\"><\/div>\n<div style=\"clear: both; text-align: center;\"><a href=\"http:\/\/fabriquilla25.com\/wordpress\/wp-content\/uploads\/2013\/07\/IMG_2482.jpg\" style=\"margin-left: 1em; margin-right: 1em;\"> <img border=\"0\" src=\"http:\/\/fabriquilla25.com\/wordpress\/wp-content\/uploads\/2013\/07\/IMG_2482-300x225.jpg\" \/> <\/a> <\/div>\n<div style=\"clear: both; text-align: center;\"><\/div>\n<div style=\"clear: both; text-align: center;\"><a href=\"http:\/\/fabriquilla25.com\/wordpress\/wp-content\/uploads\/2013\/07\/IMG_2480.jpg\" style=\"margin-left: 1em; margin-right: 1em;\"> <img border=\"0\" src=\"http:\/\/fabriquilla25.com\/wordpress\/wp-content\/uploads\/2013\/07\/IMG_2480-300x225.jpg\" \/> <\/a> <\/div>\n<div style=\"clear: both; text-align: center;\"><\/div>\n<div style=\"clear: both; text-align: center;\"><\/div>\n","protected":false},"excerpt":{"rendered":"<p>\u00a1Dios que bueno esta dormir despu\u00e9s del palizon de ayer!. No madrugamos nada de nada, ha amanecido fresquito y con algo de llovizna. Vamos a nuestros encargos varios, la hoja de ruta:-comprar un suelo para la tienda-pasear por la ciudad-reconstruir las bicicletas-entregar el coche en un pol\u00edgono industrial-buscar camping para dormir-volver en bici al camping [&hellip;]<\/p>\n","protected":false},"author":2,"featured_media":1433,"comment_status":"open","ping_status":"open","sticky":false,"template":"","format":"standard","meta":[],"categories":[10,4],"tags":[],"_links":{"self":[{"href":"http:\/\/fabriquilla25.com\/index.php?rest_route=\/wp\/v2\/posts\/1219"}],"collection":[{"href":"http:\/\/fabriquilla25.com\/index.php?rest_route=\/wp\/v2\/posts"}],"about":[{"href":"http:\/\/fabriquilla25.com\/index.php?rest_route=\/wp\/v2\/types\/post"}],"author":[{"embeddable":true,"href":"http:\/\/fabriquilla25.com\/index.php?rest_route=\/wp\/v2\/users\/2"}],"replies":[{"embeddable":true,"href":"http:\/\/fabriquilla25.com\/index.php?rest_route=%2Fwp%2Fv2%2Fcomments&post=1219"}],"version-history":[{"count":1,"href":"http:\/\/fabriquilla25.com\/index.php?rest_route=\/wp\/v2\/posts\/1219\/revisions"}],"predecessor-version":[{"id":1454,"href":"http:\/\/fabriquilla25.com\/index.php?rest_route=\/wp\/v2\/posts\/1219\/revisions\/1454"}],"wp:featuredmedia":[{"embeddable":true,"href":"http:\/\/fabriquilla25.com\/index.php?rest_route=\/wp\/v2\/media\/1433"}],"wp:attachment":[{"href":"http:\/\/fabriquilla25.com\/index.php?rest_route=%2Fwp%2Fv2%2Fmedia&parent=1219"}],"wp:term":[{"taxonomy":"category","embeddable":true,"href":"http:\/\/fabriquilla25.com\/index.php?rest_route=%2Fwp%2Fv2%2Fcategories&post=1219"},{"taxonomy":"post_tag","embeddable":true,"href":"http:\/\/fabriquilla25.com\/index.php?rest_route=%2Fwp%2Fv2%2Ftags&post=1219"}],"curies":[{"name":"wp","href":"https:\/\/api.w.org\/{rel}","templated":true}]}}