{"id":1221,"date":"2013-07-04T20:13:00","date_gmt":"2013-07-04T20:13:00","guid":{"rendered":"http:\/\/fabriquilla25.com\/?p=1221"},"modified":"2015-05-05T18:44:18","modified_gmt":"2015-05-05T18:44:18","slug":"etapa-cero","status":"publish","type":"post","link":"http:\/\/fabriquilla25.com\/?p=1221","title":{"rendered":"Etapa cero"},"content":{"rendered":"<div dir=\"ltr\">Desde las siete de la ma\u00f1ana en pie para terminar algunos encargos de \u00faltima hora (vacunar a Triste e ir al banco). Por extra\u00f1o que parezca, y con precisi\u00f3n alemana cumplimos todos los horarios y a las 10&#8217;30 estamos de vuelta en Ciudad Parador con todo empaquetado. Nos despedimos de nuestra mitad habitual (Jose y Ana) y cojos y desmembrados partimos. As\u00ed que nos vamos a M\u00e1laga acompa\u00f1ados de Paco y Lola y en el aeropuerto da comienzo la operaci\u00f3n &#8220;pata jamonera&#8221;:<br \/>&#8211; las bicicletas no caben en el esc\u00e1ner. Ten\u00e9is que llevarlas al grande.<br \/>Bajamos por las entra\u00f1as del aeropuerto hasta el gran esc\u00e1ner (que era escasamente unos 5 cm m\u00e1s ancho) <br \/>&#8211; pues no entran.<br \/>Y dir\u00e1s t\u00fa, \u00bfcomo es que no entran?. Pues porque a Paco se le ocurri\u00f3 que era una idea estupenda no quitar la rueda delantera&#8230;. superado esto gracias a la insistencia de Paco volamos a Par\u00eds en compa\u00f1\u00eda de Leslie. Buena jugadora de p\u00e1del, mejor persona. Nos hizo el viaje muy entretenido evitando incluso que Lal\u00e1 gritara en el despegue y aterrizaje del aparato. All\u00ed, tras solventar el problema &#8220;no hay carros en el aeropuerto&#8221; cogemos el coche, montamos todo en la furgo-focus y a Metz que nos vamos.<br \/>M\u00faltiples vueltas para salir porque no ten\u00edamos gps. Pero al final, a las 1&#8217;30 de la ma\u00f1ana damos con el hotel\/residencia\/albergue.<br \/>El viaje Lal\u00e1 preocupada porque no hab\u00edamos avisado de que lleg\u00e1bamos tarde. Ella lo intent\u00f3, pero contestaba una grabaci\u00f3n en franc\u00e9s &#8220;pour la registracio&#8230;. marque d\u00fa&#8230;.&#8221; y as\u00ed un sinf\u00edn de opciones que no entend\u00eda, incluso dej\u00f3 un mensaje y tras cinco minutos estaba hablando con su propia grabaci\u00f3n. Tras cuatro intentos, y no quiero saber cu\u00e1ntos euros, intu\u00ed que era el momento de dejarlo. As\u00ed que a las 1&#8217;30 no estaba muy claro si nos dejar\u00edan entrar, y mira que recepcionista hab\u00eda.<\/div>\n<div dir=\"ltr\">Una bendita m\u00e1quina amarilla (la misma con la que Lal\u00e1 estuvo echando un rato al tel\u00e9fono). Estamos en Metz, ducha calentita en el ba\u00f1o\/camarote y a dormir<\/div>\n<div style=\"clear: both; text-align: center;\"><a href=\"http:\/\/fabriquilla25.com\/wordpress\/wp-content\/uploads\/2013\/07\/IMG_20130704_144221.jpg\" style=\"margin-left: 1em; margin-right: 1em;\"> <img border=\"0\" src=\"http:\/\/fabriquilla25.com\/wordpress\/wp-content\/uploads\/2013\/07\/IMG_20130704_144221-300x225.jpg\" \/> <\/a> <\/div>\n<div style=\"clear: both; text-align: center;\"><a href=\"http:\/\/fabriquilla25.com\/wordpress\/wp-content\/uploads\/2013\/07\/IMG_20130705_111856.jpg\" style=\"margin-left: 1em; margin-right: 1em;\"> <img border=\"0\" src=\"http:\/\/fabriquilla25.com\/wordpress\/wp-content\/uploads\/2013\/07\/IMG_20130705_111856-225x300.jpg\" \/> <\/a> <\/div>\n","protected":false},"excerpt":{"rendered":"<p>Desde las siete de la ma\u00f1ana en pie para terminar algunos encargos de \u00faltima hora (vacunar a Triste e ir al banco). Por extra\u00f1o que parezca, y con precisi\u00f3n alemana cumplimos todos los horarios y a las 10&#8217;30 estamos de vuelta en Ciudad Parador con todo empaquetado. Nos despedimos de nuestra mitad habitual (Jose y [&hellip;]<\/p>\n","protected":false},"author":2,"featured_media":1440,"comment_status":"open","ping_status":"open","sticky":false,"template":"","format":"standard","meta":[],"categories":[10,4],"tags":[],"_links":{"self":[{"href":"http:\/\/fabriquilla25.com\/index.php?rest_route=\/wp\/v2\/posts\/1221"}],"collection":[{"href":"http:\/\/fabriquilla25.com\/index.php?rest_route=\/wp\/v2\/posts"}],"about":[{"href":"http:\/\/fabriquilla25.com\/index.php?rest_route=\/wp\/v2\/types\/post"}],"author":[{"embeddable":true,"href":"http:\/\/fabriquilla25.com\/index.php?rest_route=\/wp\/v2\/users\/2"}],"replies":[{"embeddable":true,"href":"http:\/\/fabriquilla25.com\/index.php?rest_route=%2Fwp%2Fv2%2Fcomments&post=1221"}],"version-history":[{"count":1,"href":"http:\/\/fabriquilla25.com\/index.php?rest_route=\/wp\/v2\/posts\/1221\/revisions"}],"predecessor-version":[{"id":1455,"href":"http:\/\/fabriquilla25.com\/index.php?rest_route=\/wp\/v2\/posts\/1221\/revisions\/1455"}],"wp:featuredmedia":[{"embeddable":true,"href":"http:\/\/fabriquilla25.com\/index.php?rest_route=\/wp\/v2\/media\/1440"}],"wp:attachment":[{"href":"http:\/\/fabriquilla25.com\/index.php?rest_route=%2Fwp%2Fv2%2Fmedia&parent=1221"}],"wp:term":[{"taxonomy":"category","embeddable":true,"href":"http:\/\/fabriquilla25.com\/index.php?rest_route=%2Fwp%2Fv2%2Fcategories&post=1221"},{"taxonomy":"post_tag","embeddable":true,"href":"http:\/\/fabriquilla25.com\/index.php?rest_route=%2Fwp%2Fv2%2Ftags&post=1221"}],"curies":[{"name":"wp","href":"https:\/\/api.w.org\/{rel}","templated":true}]}}