{"id":1225,"date":"2013-07-01T15:32:00","date_gmt":"2013-07-01T15:32:00","guid":{"rendered":"http:\/\/fabriquilla25.com\/?p=1225"},"modified":"2015-05-05T18:44:18","modified_gmt":"2015-05-05T18:44:18","slug":"me-lio-la-alforjas-a-la-cabeza","status":"publish","type":"post","link":"http:\/\/fabriquilla25.com\/?p=1225","title":{"rendered":"Me l\u00edo la alforjas a la cabeza"},"content":{"rendered":"<div dir=\"ltr\">Y si, eso hemos hecho, porque lo nuestro no tiene otro nombre. O si no, como llamarias tu a un viaje de otros mil km por otro r\u00edo (el Ruin) en el que vamos Paco y yo solos, pues Me l\u00edo la alforja a la cabeza,&#8230;..y que sea lo que Dios quiera.<br \/>Eso , como la veteran\u00eda es un grado, hemos notado algo menos de resistencia por parte de nuestros padres, porque el a\u00f1o del Danubio!<br \/>-que si donde vais<br \/>-es que vais a poder?<br \/>-tu te lo has pensado bien?<br \/>-EN BICI?????<br \/>&#8211; \u00a1\u00a1\u00a1\u00a1\u00a1\u00a1Est\u00e1is locos!!!!<\/div>\n<div dir=\"ltr\">Y eso fue lo menos que nos dijeron. Menos mal que la fe mueve monta\u00f1as&#8230;y la del Cu\u00f1ao mucho m\u00e1s ;), porque el si que se li\u00f3 la manta a la cabeza y nos llev\u00f3.<\/div>\n<div dir=\"ltr\">Bien, para esta ocasi\u00f3n hemos conjugado nuestros dos viajes anteriores, es decir, hemos encajado una ruta en bici (Danubio 2011) c8n un valle vin\u00edcola franc\u00e9s (Chateneau su Pape 2012), y nuevamente&#8230;.que sea&nbsp; que Dios quiera.<\/div>\n","protected":false},"excerpt":{"rendered":"<p>Y si, eso hemos hecho, porque lo nuestro no tiene otro nombre. O si no, como llamarias tu a un viaje de otros mil km por otro r\u00edo (el Ruin) en el que vamos Paco y yo solos, pues Me l\u00edo la alforja a la cabeza,&#8230;..y que sea lo que Dios quiera.Eso , como la [&hellip;]<\/p>\n","protected":false},"author":2,"featured_media":0,"comment_status":"open","ping_status":"open","sticky":false,"template":"","format":"standard","meta":[],"categories":[10,4],"tags":[],"_links":{"self":[{"href":"http:\/\/fabriquilla25.com\/index.php?rest_route=\/wp\/v2\/posts\/1225"}],"collection":[{"href":"http:\/\/fabriquilla25.com\/index.php?rest_route=\/wp\/v2\/posts"}],"about":[{"href":"http:\/\/fabriquilla25.com\/index.php?rest_route=\/wp\/v2\/types\/post"}],"author":[{"embeddable":true,"href":"http:\/\/fabriquilla25.com\/index.php?rest_route=\/wp\/v2\/users\/2"}],"replies":[{"embeddable":true,"href":"http:\/\/fabriquilla25.com\/index.php?rest_route=%2Fwp%2Fv2%2Fcomments&post=1225"}],"version-history":[{"count":1,"href":"http:\/\/fabriquilla25.com\/index.php?rest_route=\/wp\/v2\/posts\/1225\/revisions"}],"predecessor-version":[{"id":1457,"href":"http:\/\/fabriquilla25.com\/index.php?rest_route=\/wp\/v2\/posts\/1225\/revisions\/1457"}],"wp:attachment":[{"href":"http:\/\/fabriquilla25.com\/index.php?rest_route=%2Fwp%2Fv2%2Fmedia&parent=1225"}],"wp:term":[{"taxonomy":"category","embeddable":true,"href":"http:\/\/fabriquilla25.com\/index.php?rest_route=%2Fwp%2Fv2%2Fcategories&post=1225"},{"taxonomy":"post_tag","embeddable":true,"href":"http:\/\/fabriquilla25.com\/index.php?rest_route=%2Fwp%2Fv2%2Ftags&post=1225"}],"curies":[{"name":"wp","href":"https:\/\/api.w.org\/{rel}","templated":true}]}}