{"id":1739,"date":"2017-07-15T21:08:32","date_gmt":"2017-07-15T21:08:32","guid":{"rendered":"http:\/\/fabriquilla25.com\/?p=1739"},"modified":"2017-07-17T08:36:10","modified_gmt":"2017-07-17T08:36:10","slug":"etapa-3-glomel-mur-de-bretagne","status":"publish","type":"post","link":"http:\/\/fabriquilla25.com\/?p=1739","title":{"rendered":"Etapa 3 Glomel &#8211; Mur de Bretagne. 47km."},"content":{"rendered":"<p>Despu\u00e9s de la dolorosa llegada de ayer, las pizzas han hecho su efecto y hemos dormido bien aunque Lal\u00e1 mantiene que ha hecho &#8220;bastante&#8221; fr\u00edo. Vendr\u00eda bien aclarar que ella duerme con dos capas de ropa t\u00e9rmica y el saco. Paco en gallumbos&#8230;&#8230;ya que cada uno haga la media.<\/p>\n<p>Paco se ha levantado hecho un volc\u00e1n y ha escalado una cuesta del demonio \u00bfNo pasa por aqu\u00ed el tour?. En ayunas. Para probar suerte y comprar el desayuno&#8230;. \u00a1Ha merecido la pena!<\/p>\n<ul>\n<li>Leche<\/li>\n<li>Miel Pops (la bolsa grande)<\/li>\n<li>Yogures<\/li>\n<li>Pan<\/li>\n<li>Mars! (Secuela del Danubio)<\/li>\n<li>Pasas<\/li>\n<li>Camembert<\/li>\n<li>Emmental<\/li>\n<li>Foie Grass<\/li>\n<li>At\u00fan<\/li>\n<li>Salchich\u00f3n<\/li>\n<li>&#8230;. Y algo m\u00e1s<\/li>\n<\/ul>\n<p>A lo mejor cre\u00e9is que no es para tanto, pero para ser la primera tienda en tres d\u00edas es ver el cielo abierto, y un colch\u00f3n para dos o tres d\u00edas.<\/p>\n<p>Antes de salir hemos ido a ver el famoso Menhir de Glomel<\/p>\n<p><a href=\"http:\/\/fabriquilla25.com\/wordpress\/wp-content\/uploads\/2017\/07\/IMG_20170715_120824.jpg\"><img loading=\"lazy\" src=\"http:\/\/fabriquilla25.com\/wordpress\/wp-content\/uploads\/2017\/07\/IMG_20170715_120824.jpg\" alt=\"\" class=\"wp-image-1736 alignnone size-full\" width=\"4160\" height=\"3120\" srcset=\"http:\/\/fabriquilla25.com\/wordpress\/wp-content\/uploads\/2017\/07\/IMG_20170715_120824.jpg 4160w, http:\/\/fabriquilla25.com\/wordpress\/wp-content\/uploads\/2017\/07\/IMG_20170715_120824-300x225.jpg 300w, http:\/\/fabriquilla25.com\/wordpress\/wp-content\/uploads\/2017\/07\/IMG_20170715_120824-768x576.jpg 768w, http:\/\/fabriquilla25.com\/wordpress\/wp-content\/uploads\/2017\/07\/IMG_20170715_120824-1024x768.jpg 1024w\" sizes=\"(max-width: 4160px) 100vw, 4160px\" \/><\/a><\/p>\n<p>Tampoco es para tanto&#8230; 80 toneladas &nbsp;y se cargan bien (mirad la foto)<\/p>\n<p>La etapa la verdad es que ha empezado mal. Primero un cuest\u00f3n y luego tres esclusas como las de ayer, pero luego&#8230;.. \u00a1\u00a1\u00a1Han empezado las cuestas abajo!!!. El canal se da la vuelta y vamos a favor de corriente. Han ca\u00eddo los km como moscas y habr\u00eda sido un placer absoluto si no fuera porque Paco ha notado juego en el buje del pedal e iba rezando para que no se rompiera, pero hemos hecho los primeros 27km del tir\u00f3n, hemos llegado a Gouarec, justo hemos visto un sitio de alquiler de bicicletas en el camping y ah\u00ed nos han resuelto el problema. \u00a1GRACIAS!<\/p>\n<p><a href=\"http:\/\/fabriquilla25.com\/wordpress\/wp-content\/uploads\/2017\/07\/IMG_20170715_150930.jpg\"><img loading=\"lazy\" src=\"http:\/\/fabriquilla25.com\/wordpress\/wp-content\/uploads\/2017\/07\/IMG_20170715_150930.jpg\" alt=\"\" class=\"wp-image-1734 alignnone size-full\" width=\"3120\" height=\"4160\" srcset=\"http:\/\/fabriquilla25.com\/wordpress\/wp-content\/uploads\/2017\/07\/IMG_20170715_150930.jpg 3120w, http:\/\/fabriquilla25.com\/wordpress\/wp-content\/uploads\/2017\/07\/IMG_20170715_150930-225x300.jpg 225w, http:\/\/fabriquilla25.com\/wordpress\/wp-content\/uploads\/2017\/07\/IMG_20170715_150930-768x1024.jpg 768w\" sizes=\"(max-width: 3120px) 100vw, 3120px\" \/><\/a><\/p>\n<p>Cerveza en el camping, bocata de queso y salchich\u00f3n en una sombra y a volar de nuevo, que vienen cuestas.<\/p>\n<p><a href=\"http:\/\/fabriquilla25.com\/wordpress\/wp-content\/uploads\/2017\/07\/IMG_20170715_154100-1.jpg\"><img loading=\"lazy\" src=\"http:\/\/fabriquilla25.com\/wordpress\/wp-content\/uploads\/2017\/07\/IMG_20170715_154100-1.jpg\" alt=\"\" class=\"wp-image-1738 alignnone size-full\" width=\"4160\" height=\"3120\" srcset=\"http:\/\/fabriquilla25.com\/wordpress\/wp-content\/uploads\/2017\/07\/IMG_20170715_154100-1.jpg 4160w, http:\/\/fabriquilla25.com\/wordpress\/wp-content\/uploads\/2017\/07\/IMG_20170715_154100-1-300x225.jpg 300w, http:\/\/fabriquilla25.com\/wordpress\/wp-content\/uploads\/2017\/07\/IMG_20170715_154100-1-768x576.jpg 768w, http:\/\/fabriquilla25.com\/wordpress\/wp-content\/uploads\/2017\/07\/IMG_20170715_154100-1-1024x768.jpg 1024w\" sizes=\"(max-width: 4160px) 100vw, 4160px\" \/><\/a><\/p>\n<p>La primera parte de la segunda parte de la etapa sigue muy bien. Entre \u00e1rboles y esclusas, casoplones y como hasta ahora poca gente.<\/p>\n<p>Pero&#8230;.\u00a1ay! Las cuestas llegan y apuntan muy mal, por lo menos el primer kil\u00f3metro, luego todo mejora y hemos llegado sin mayores contratiempos al camping. Est\u00e1 en la orilla de un lago, tienen sidra y va a ser que hoy tampoco vamos al pueblo&#8230;. Est\u00e1 lejos y cuesta arriba.<\/p>\n<p><a href=\"http:\/\/fabriquilla25.com\/wordpress\/wp-content\/uploads\/2017\/07\/IMG_20170715_201222.jpg\"><img loading=\"lazy\" src=\"http:\/\/fabriquilla25.com\/wordpress\/wp-content\/uploads\/2017\/07\/IMG_20170715_201222.jpg\" alt=\"\" class=\"wp-image-1737 alignnone size-full\" width=\"4160\" height=\"3120\" srcset=\"http:\/\/fabriquilla25.com\/wordpress\/wp-content\/uploads\/2017\/07\/IMG_20170715_201222.jpg 4160w, http:\/\/fabriquilla25.com\/wordpress\/wp-content\/uploads\/2017\/07\/IMG_20170715_201222-300x225.jpg 300w, http:\/\/fabriquilla25.com\/wordpress\/wp-content\/uploads\/2017\/07\/IMG_20170715_201222-768x576.jpg 768w, http:\/\/fabriquilla25.com\/wordpress\/wp-content\/uploads\/2017\/07\/IMG_20170715_201222-1024x768.jpg 1024w\" sizes=\"(max-width: 4160px) 100vw, 4160px\" \/><\/a><\/p>\n<p>Un ba\u00f1o en el lago. Ducha, leche y a dormir.<\/p>\n<p>Edito: nada de leche, mientras Lal\u00e1 estaba en la ducha Paco se &nbsp;qued\u00f3 zanganeando y oli\u00f3 a pan caliente&#8230;. Resulta que en el camping hac\u00edan bocatas calientes. De Jambon e fromage. Uyuyuy, que tienen cerveza artesanal que hacen en la otra orilla, a menos de 500m. Tipo IPA muy rica, demasiado afrutada para el gusto de Paco. Eso de echarle az\u00facar a la cerveza sobra. Mi que decir tiene que nos bebimos hasta la \u00faltima gota ?<\/p>\n","protected":false},"excerpt":{"rendered":"<p>Despu\u00e9s de la dolorosa llegada de ayer, las pizzas han hecho su efecto y hemos dormido bien aunque Lal\u00e1 mantiene que ha hecho &#8220;bastante&#8221; fr\u00edo. Vendr\u00eda bien aclarar que ella duerme con dos capas de ropa t\u00e9rmica y el saco. Paco en gallumbos&#8230;&#8230;ya que cada uno haga la media. Paco se ha levantado hecho un [&hellip;]<\/p>\n","protected":false},"author":1,"featured_media":0,"comment_status":"open","ping_status":"open","sticky":false,"template":"","format":"standard","meta":[],"categories":[13],"tags":[],"_links":{"self":[{"href":"http:\/\/fabriquilla25.com\/index.php?rest_route=\/wp\/v2\/posts\/1739"}],"collection":[{"href":"http:\/\/fabriquilla25.com\/index.php?rest_route=\/wp\/v2\/posts"}],"about":[{"href":"http:\/\/fabriquilla25.com\/index.php?rest_route=\/wp\/v2\/types\/post"}],"author":[{"embeddable":true,"href":"http:\/\/fabriquilla25.com\/index.php?rest_route=\/wp\/v2\/users\/1"}],"replies":[{"embeddable":true,"href":"http:\/\/fabriquilla25.com\/index.php?rest_route=%2Fwp%2Fv2%2Fcomments&post=1739"}],"version-history":[{"count":2,"href":"http:\/\/fabriquilla25.com\/index.php?rest_route=\/wp\/v2\/posts\/1739\/revisions"}],"predecessor-version":[{"id":1766,"href":"http:\/\/fabriquilla25.com\/index.php?rest_route=\/wp\/v2\/posts\/1739\/revisions\/1766"}],"wp:attachment":[{"href":"http:\/\/fabriquilla25.com\/index.php?rest_route=%2Fwp%2Fv2%2Fmedia&parent=1739"}],"wp:term":[{"taxonomy":"category","embeddable":true,"href":"http:\/\/fabriquilla25.com\/index.php?rest_route=%2Fwp%2Fv2%2Fcategories&post=1739"},{"taxonomy":"post_tag","embeddable":true,"href":"http:\/\/fabriquilla25.com\/index.php?rest_route=%2Fwp%2Fv2%2Ftags&post=1739"}],"curies":[{"name":"wp","href":"https:\/\/api.w.org\/{rel}","templated":true}]}}