{"id":1795,"date":"2017-07-19T17:11:08","date_gmt":"2017-07-19T17:11:08","guid":{"rendered":"http:\/\/fabriquilla25.com\/?p=1795"},"modified":"2017-07-19T17:11:08","modified_gmt":"2017-07-19T17:11:08","slug":"etapa-6-josselin-redon-70-km","status":"publish","type":"post","link":"http:\/\/fabriquilla25.com\/?p=1795","title":{"rendered":"Etapa 6. Josselin &#8211; Redon. 70 km"},"content":{"rendered":"<p>Nos levantamos en el camping guay. El camping de Josselin&#8230;. ten points. No nos creer\u00e9is, pero hemos sido los primeros en salir. Eso s\u00ed, no hemos desayunado porque pretendemos hacerlo en Josselin a 2 km, y ha sido un acierto. Si no ya juzg\u00e1is vosotros por la siguiente foto:<br \/>\n<a href=\"http:\/\/fabriquilla25.com\/wordpress\/wp-content\/uploads\/2017\/07\/IMG_20170718_101621.jpg\"><img loading=\"lazy\" src=\"http:\/\/fabriquilla25.com\/wordpress\/wp-content\/uploads\/2017\/07\/IMG_20170718_101621.jpg\" alt=\"\" class=\"wp-image-1797 alignnone size-full\" width=\"3120\" height=\"4160\" srcset=\"http:\/\/fabriquilla25.com\/wordpress\/wp-content\/uploads\/2017\/07\/IMG_20170718_101621.jpg 3120w, http:\/\/fabriquilla25.com\/wordpress\/wp-content\/uploads\/2017\/07\/IMG_20170718_101621-225x300.jpg 225w, http:\/\/fabriquilla25.com\/wordpress\/wp-content\/uploads\/2017\/07\/IMG_20170718_101621-768x1024.jpg 768w\" sizes=\"(max-width: 3120px) 100vw, 3120px\" \/><\/a><\/p>\n<p>Josselin es muy bonito, est\u00e1 a pie de canal y el castillo bien merece aparecer en alguna peli, est\u00e1 construido sobre la roca (Nino, ninon\u00ed no, ninoniiiiii).<\/p>\n<p>Despu\u00e9s de desayunar todav\u00eda es buena hora y empezamos a hacer kil\u00f3metros temprano y a buen ritmo de forma que a las 12:00 ya llevamos m\u00e1s de 20 kil\u00f3metros. Y eso est\u00e1 bien porque hoy tenemos un ambicioso plan: llegar a Redon (~70km) y hay un tramo de 14 km que la gu\u00eda traduce por dos horas y media. Teniendo en cuenta que hasta ahora ha sido muy fiable, eso nos hace temblar.<br \/>\n<a href=\"http:\/\/fabriquilla25.com\/wordpress\/wp-content\/uploads\/2017\/07\/IMG_20170718_114907.jpg\"><img loading=\"lazy\" src=\"http:\/\/fabriquilla25.com\/wordpress\/wp-content\/uploads\/2017\/07\/IMG_20170718_114907.jpg\" alt=\"\" class=\"wp-image-1798 alignnone size-full\" width=\"4160\" height=\"3120\" srcset=\"http:\/\/fabriquilla25.com\/wordpress\/wp-content\/uploads\/2017\/07\/IMG_20170718_114907.jpg 4160w, http:\/\/fabriquilla25.com\/wordpress\/wp-content\/uploads\/2017\/07\/IMG_20170718_114907-300x225.jpg 300w, http:\/\/fabriquilla25.com\/wordpress\/wp-content\/uploads\/2017\/07\/IMG_20170718_114907-768x576.jpg 768w, http:\/\/fabriquilla25.com\/wordpress\/wp-content\/uploads\/2017\/07\/IMG_20170718_114907-1024x768.jpg 1024w\" sizes=\"(max-width: 4160px) 100vw, 4160px\" \/><\/a><\/p>\n<p>Llegamos a Malestroit, son las doce y es un sitio perfecto para comprar algo. El pueblo es tambi\u00e9n precioso y entramos en un Carrefour city a comprar para comer m\u00e1s tarde. Mientras compramos se va la luz, fuera hay rayos, truenos y centellas. Pero no hay nada que nos pare, somos unos valientes. Claro que cuando empezaron a sonar las sirenas esas antia\u00e9reas. AUUUUUUUUUUUUUUUUUUUU. ???<\/p>\n<p>NOS CAGAMOS ENCIMA.<\/p>\n<p>Lal\u00e1 entr\u00f3 a preguntar al Carrefour si es que iba a salir el canal como en Almer\u00eda sale la Rambla. Pero claro, no la entendieron. Total, que si los bretones corr\u00edan como en Ast\u00e9rix y Ob\u00e9lix, nosotros decidimos quedarnos un rato, aprovechamos para comer y ver c\u00f3mo se ca\u00eda el cielo sobre nuestras cabezas. Oj\u00fa que rayos. No veas que tromba.<\/p>\n<p>Pero pas\u00f3, sali\u00f3 el sol e hizo hasta calor.<\/p>\n<p>Con el buche lleno y sanos y salvos nos volvemos a poner en marcha. El camino bien, el viento a favor. Y los kil\u00f3metros cayendo como moscas. Definitivamente es una errata de la gu\u00eda y deber\u00eda de poner 1h30 en lugar de 2h30.<\/p>\n<p>Hacemos un descansillo. Agua, poci\u00f3n m\u00e1gica (chupailla al tubo de leche condensada) &nbsp;y a seguir.<br \/>\n<a href=\"http:\/\/fabriquilla25.com\/wordpress\/wp-content\/uploads\/2017\/07\/IMG-20170719-WA0022.jpg\"><img loading=\"lazy\" src=\"http:\/\/fabriquilla25.com\/wordpress\/wp-content\/uploads\/2017\/07\/IMG-20170719-WA0022.jpg\" alt=\"\" class=\"wp-image-1799 alignnone size-full\" width=\"1600\" height=\"1200\" srcset=\"http:\/\/fabriquilla25.com\/wordpress\/wp-content\/uploads\/2017\/07\/IMG-20170719-WA0022.jpg 1600w, http:\/\/fabriquilla25.com\/wordpress\/wp-content\/uploads\/2017\/07\/IMG-20170719-WA0022-300x225.jpg 300w, http:\/\/fabriquilla25.com\/wordpress\/wp-content\/uploads\/2017\/07\/IMG-20170719-WA0022-768x576.jpg 768w, http:\/\/fabriquilla25.com\/wordpress\/wp-content\/uploads\/2017\/07\/IMG-20170719-WA0022-1024x768.jpg 1024w\" sizes=\"(max-width: 1600px) 100vw, 1600px\" \/><\/a><br \/>\n<a href=\"http:\/\/fabriquilla25.com\/wordpress\/wp-content\/uploads\/2017\/07\/IMG-20170719-WA0021.jpg\"><img loading=\"lazy\" src=\"http:\/\/fabriquilla25.com\/wordpress\/wp-content\/uploads\/2017\/07\/IMG-20170719-WA0021.jpg\" alt=\"\" class=\"wp-image-1800 alignnone size-full\" width=\"1600\" height=\"1200\" srcset=\"http:\/\/fabriquilla25.com\/wordpress\/wp-content\/uploads\/2017\/07\/IMG-20170719-WA0021.jpg 1600w, http:\/\/fabriquilla25.com\/wordpress\/wp-content\/uploads\/2017\/07\/IMG-20170719-WA0021-300x225.jpg 300w, http:\/\/fabriquilla25.com\/wordpress\/wp-content\/uploads\/2017\/07\/IMG-20170719-WA0021-768x576.jpg 768w, http:\/\/fabriquilla25.com\/wordpress\/wp-content\/uploads\/2017\/07\/IMG-20170719-WA0021-1024x768.jpg 1024w\" sizes=\"(max-width: 1600px) 100vw, 1600px\" \/><\/a><\/p>\n<p>En dos pat\u00e1s m\u00e1s hemos llegado a Redon. Seguimos las indicaciones al camping municipal y cuando llegamos est\u00e1 en medio de un pol\u00edgono lejos del centro de la ciudad. Y los aseos son cutres. Y NO TIENE BAR.<\/p>\n<p>Si no sab\u00e9is lo que viene a continuaci\u00f3n es porque no nos conoc\u00e9is todav\u00eda&#8230;.. Yoooooo te invooooooco Boooooooking.com<\/p>\n<p>E vual\u00e1. Cutri habitaci\u00f3n en pleno centro de la ciudad que nos sabe a gloria. Duchaza y paseo por una ciudad fantasma, que ya son casi las seis. Eso s\u00ed, tenemos un olfato muy desarrollado y encontramos un barecillo agradabla con m\u00fasica celta, pintas de cerveza y una terraza que da al canal<\/p>\n<p><a href=\"http:\/\/fabriquilla25.com\/wordpress\/wp-content\/uploads\/2017\/07\/IMG-20170718-WA0006.jpeg\"><img loading=\"lazy\" src=\"http:\/\/fabriquilla25.com\/wordpress\/wp-content\/uploads\/2017\/07\/IMG-20170718-WA0006.jpeg\" alt=\"\" class=\"wp-image-1801 alignnone size-full\" width=\"3840\" height=\"2160\" srcset=\"http:\/\/fabriquilla25.com\/wordpress\/wp-content\/uploads\/2017\/07\/IMG-20170718-WA0006.jpeg 3840w, http:\/\/fabriquilla25.com\/wordpress\/wp-content\/uploads\/2017\/07\/IMG-20170718-WA0006-300x169.jpeg 300w, http:\/\/fabriquilla25.com\/wordpress\/wp-content\/uploads\/2017\/07\/IMG-20170718-WA0006-768x432.jpeg 768w, http:\/\/fabriquilla25.com\/wordpress\/wp-content\/uploads\/2017\/07\/IMG-20170718-WA0006-1024x576.jpeg 1024w\" sizes=\"(max-width: 3840px) 100vw, 3840px\" \/><\/a><\/p>\n<p>Y desde la que se ve una creperie&#8230;.<br \/>\n<a href=\"http:\/\/fabriquilla25.com\/wordpress\/wp-content\/uploads\/2017\/07\/IMG_20170718_203603.jpg\"><img loading=\"lazy\" src=\"http:\/\/fabriquilla25.com\/wordpress\/wp-content\/uploads\/2017\/07\/IMG_20170718_203603.jpg\" alt=\"\" class=\"wp-image-1802 alignnone size-full\" width=\"3120\" height=\"4160\" srcset=\"http:\/\/fabriquilla25.com\/wordpress\/wp-content\/uploads\/2017\/07\/IMG_20170718_203603.jpg 3120w, http:\/\/fabriquilla25.com\/wordpress\/wp-content\/uploads\/2017\/07\/IMG_20170718_203603-225x300.jpg 225w, http:\/\/fabriquilla25.com\/wordpress\/wp-content\/uploads\/2017\/07\/IMG_20170718_203603-768x1024.jpg 768w\" sizes=\"(max-width: 3120px) 100vw, 3120px\" \/><\/a><\/p>\n<p>Terminado el crepe nos damos una vuelta por el centro, fichamos una boulangerie para el desayuno de ma\u00f1ana al sobre que ya es hora.<br \/>\n<a href=\"http:\/\/fabriquilla25.com\/wordpress\/wp-content\/uploads\/2017\/07\/IMG_20170718_200646.jpg\"><img loading=\"lazy\" src=\"http:\/\/fabriquilla25.com\/wordpress\/wp-content\/uploads\/2017\/07\/IMG_20170718_200646.jpg\" alt=\"\" class=\"wp-image-1803 alignnone size-full\" width=\"3120\" height=\"4160\" srcset=\"http:\/\/fabriquilla25.com\/wordpress\/wp-content\/uploads\/2017\/07\/IMG_20170718_200646.jpg 3120w, http:\/\/fabriquilla25.com\/wordpress\/wp-content\/uploads\/2017\/07\/IMG_20170718_200646-225x300.jpg 225w, http:\/\/fabriquilla25.com\/wordpress\/wp-content\/uploads\/2017\/07\/IMG_20170718_200646-768x1024.jpg 768w\" sizes=\"(max-width: 3120px) 100vw, 3120px\" \/><\/a><\/p>\n<p>Echamos un ratico con la familia y el suegro nos invita sutilmente a volver pronto o sube el a buscarnos&#8230;<br \/>\n<a href=\"http:\/\/fabriquilla25.com\/wordpress\/wp-content\/uploads\/2017\/07\/IMG-20170718-WA0019.jpg\"><img loading=\"lazy\" src=\"http:\/\/fabriquilla25.com\/wordpress\/wp-content\/uploads\/2017\/07\/IMG-20170718-WA0019.jpg\" alt=\"\" class=\"wp-image-1804 alignnone size-full\" width=\"1200\" height=\"1600\" srcset=\"http:\/\/fabriquilla25.com\/wordpress\/wp-content\/uploads\/2017\/07\/IMG-20170718-WA0019.jpg 1200w, http:\/\/fabriquilla25.com\/wordpress\/wp-content\/uploads\/2017\/07\/IMG-20170718-WA0019-225x300.jpg 225w, http:\/\/fabriquilla25.com\/wordpress\/wp-content\/uploads\/2017\/07\/IMG-20170718-WA0019-768x1024.jpg 768w\" sizes=\"(max-width: 1200px) 100vw, 1200px\" \/><\/a><\/p>\n<p>C\u00f3mo Paco se hizo el loco fue un poco m\u00e1s expl\u00edcito<\/p>\n<p><a href=\"http:\/\/fabriquilla25.com\/wordpress\/wp-content\/uploads\/2017\/07\/IMG-20170718-WA0010.jpg\"><img loading=\"lazy\" src=\"http:\/\/fabriquilla25.com\/wordpress\/wp-content\/uploads\/2017\/07\/IMG-20170718-WA0010.jpg\" alt=\"\" class=\"wp-image-1805 alignnone size-full\" width=\"1200\" height=\"1600\" srcset=\"http:\/\/fabriquilla25.com\/wordpress\/wp-content\/uploads\/2017\/07\/IMG-20170718-WA0010.jpg 1200w, http:\/\/fabriquilla25.com\/wordpress\/wp-content\/uploads\/2017\/07\/IMG-20170718-WA0010-225x300.jpg 225w, http:\/\/fabriquilla25.com\/wordpress\/wp-content\/uploads\/2017\/07\/IMG-20170718-WA0010-768x1024.jpg 768w\" sizes=\"(max-width: 1200px) 100vw, 1200px\" \/><\/a><\/p>\n<p>No os preocup\u00e9is, si todo va bien en dos d\u00edas en Nantes y luego de vuelta. Besos para todos.<\/p>\n","protected":false},"excerpt":{"rendered":"<p>Nos levantamos en el camping guay. El camping de Josselin&#8230;. ten points. No nos creer\u00e9is, pero hemos sido los primeros en salir. Eso s\u00ed, no hemos desayunado porque pretendemos hacerlo en Josselin a 2 km, y ha sido un acierto. Si no ya juzg\u00e1is vosotros por la siguiente foto: Josselin es muy bonito, est\u00e1 a [&hellip;]<\/p>\n","protected":false},"author":1,"featured_media":0,"comment_status":"open","ping_status":"open","sticky":false,"template":"","format":"standard","meta":[],"categories":[13],"tags":[],"_links":{"self":[{"href":"http:\/\/fabriquilla25.com\/index.php?rest_route=\/wp\/v2\/posts\/1795"}],"collection":[{"href":"http:\/\/fabriquilla25.com\/index.php?rest_route=\/wp\/v2\/posts"}],"about":[{"href":"http:\/\/fabriquilla25.com\/index.php?rest_route=\/wp\/v2\/types\/post"}],"author":[{"embeddable":true,"href":"http:\/\/fabriquilla25.com\/index.php?rest_route=\/wp\/v2\/users\/1"}],"replies":[{"embeddable":true,"href":"http:\/\/fabriquilla25.com\/index.php?rest_route=%2Fwp%2Fv2%2Fcomments&post=1795"}],"version-history":[{"count":2,"href":"http:\/\/fabriquilla25.com\/index.php?rest_route=\/wp\/v2\/posts\/1795\/revisions"}],"predecessor-version":[{"id":1806,"href":"http:\/\/fabriquilla25.com\/index.php?rest_route=\/wp\/v2\/posts\/1795\/revisions\/1806"}],"wp:attachment":[{"href":"http:\/\/fabriquilla25.com\/index.php?rest_route=%2Fwp%2Fv2%2Fmedia&parent=1795"}],"wp:term":[{"taxonomy":"category","embeddable":true,"href":"http:\/\/fabriquilla25.com\/index.php?rest_route=%2Fwp%2Fv2%2Fcategories&post=1795"},{"taxonomy":"post_tag","embeddable":true,"href":"http:\/\/fabriquilla25.com\/index.php?rest_route=%2Fwp%2Fv2%2Ftags&post=1795"}],"curies":[{"name":"wp","href":"https:\/\/api.w.org\/{rel}","templated":true}]}}