{"id":333,"date":"2013-04-30T08:56:00","date_gmt":"2013-04-30T08:56:00","guid":{"rendered":"http:\/\/fabriquilla25.com\/?p=333"},"modified":"2015-04-29T19:08:51","modified_gmt":"2015-04-29T19:08:51","slug":"el-aire-acondicionado-de-malito","status":"publish","type":"post","link":"http:\/\/fabriquilla25.com\/?p=333","title":{"rendered":"El aire acondicionado de Malito."},"content":{"rendered":"<p>Malito es nuestro coche, un Citro\u00ebn C2 de color negro (s\u00ed, que pasa, tiene nombre).<\/p>\n<p>Pues hace ahora como un a\u00f1o que se le fu\u00e9 el ventilador del habit\u00e1culo. Una de esas aver\u00edas que te joden la vida, el coche funciona, intuyes que te va a costar un ri\u00f1\u00f3n y te da miedo ir a preguntar cu\u00e1nto cuesta arreglarlo. Por esto, por pereza y seguramente porque dedicamos el dinero a alguna otra cosa, pasamos <b style=\"text-decoration: underline;\">todo<\/b>&nbsp;el verano pasado sin aire aconcicionado: <span style=\"color: red; font-weight: bold;\">un aut\u00e9ntico infierno. <\/span>As\u00ed que Lal\u00e1 lleva cosa de un mes d\u00e1ndome sutiles &#8220;toquecitos&#8221; en plan: &#8220;Paco, el mes que viene me quito de lo que sea pero arreglamos el aire &nbsp;acondicionado&#8221;. As\u00ed que me fu\u00ed a la citroen y les ped\u00ed presupuesto: El ventilador 200 leuretes, la mano de obra 100 leuretes, en una hora lo tienes listo&#8230;.<\/p>\n<table align=\"center\" cellpadding=\"0\" cellspacing=\"0\" style=\"margin-left: auto; margin-right: auto; text-align: center;\">\n<tbody>\n<tr>\n<td style=\"text-align: center;\"><a href=\"http:\/\/192.168.1.88\/wordpress\/wp-content\/uploads\/2013\/04\/pu-C3-B1alada.jpg\" style=\"margin-left: auto; margin-right: auto;\"><img border=\"0\" src=\"http:\/\/192.168.1.88\/wordpress\/wp-content\/uploads\/2013\/04\/pu-C3-B1alada.jpg\" \/><\/a><\/td>\n<\/tr>\n<tr>\n<td style=\"text-align: center;\"><b><span style=\"font-family: Courier New, Courier, monospace; font-size: x-large;\">PU\u00d1ALADA<\/span><\/b><\/td>\n<\/tr>\n<\/tbody>\n<\/table>\n<p>Lo que imaginaba. Me imprimen un papelito, les pido el tel\u00e9fono para concertar una cita para el mes que viene y me voy cavilando para mi casa. \u00a1\u00a1\u00a1\u00a1CAWENTODO 200 LEUROS UN VENTILADOR!!!! \u00a1\u00a1\u00a1\u00a1ES QUE LO HACEN DE ORO!!!!<\/p>\n<p>Bueno, lo que viene ya os lo pod\u00e9is imaginar: ESTO LO CAMBIO YO POR MIS COJONES.<\/p>\n<p>Lo malo es que ya lo hab\u00eda intentado (sin resultados) antes. Resulta que el ventilador est\u00e1 en el hueco m\u00e1s inaccesible de Malito, al fondo de la consola, lejos, detr\u00e1s, escondido, \u00bfc\u00f3mo carajo se saca eso? \u00bftengo que desmontar medio coche?. Argh.<\/p>\n<p>Pero por partes:<\/p>\n<p>PASO 1: Pasarme por un desguace y preguntar por el ventilador, llego a un mostrador, pregunto por el cacharro, el tio se va sin mediar palabra y aparece con esto:<\/p>\n<table align=\"center\" cellpadding=\"0\" cellspacing=\"0\" style=\"margin-left: auto; margin-right: auto; text-align: center;\">\n<tbody>\n<tr>\n<td style=\"text-align: center;\"><a href=\"http:\/\/192.168.1.88\/wordpress\/wp-content\/uploads\/2013\/04\/2013-04-26-19.04.47.jpg\" style=\"margin-left: auto; margin-right: auto;\"><img loading=\"lazy\" border=\"0\" height=\"320\" src=\"http:\/\/192.168.1.88\/wordpress\/wp-content\/uploads\/2013\/04\/2013-04-26-19.04.47-225x300.jpg\" width=\"240\" \/><\/a><\/td>\n<\/tr>\n<tr>\n<td style=\"text-align: center;\"><\/td>\n<\/tr>\n<\/tbody>\n<\/table>\n<p>Me dice: puede variar dependiendo del modelo, lo mejor es que traigas el viejo y as\u00ed vemos si es el suyo. Yo le digo que OK, que si le importa que le haga una foto para compararlo y venir a por el motor si me cuadra. No problem. \u00bfPrecio? 30 euretes.<\/p>\n<p>PASO 2: Vuelta a casa y al miedo de sacar el ventilador. \u00bfd\u00f3nde carajo tiene \u00e9sto los tornillos?. Me pongo a mirar las fotos que le he hecho al ventilador en el desguace y \u00a1oh sorpresa! no lleva tornillos, va &#8220;enroscado&#8221; y con una pesta\u00f1ita. Guay, mejor, <strike>m\u00e1s facil<\/strike>.<\/p>\n<div style=\"clear: both; text-align: center;\"><a href=\"http:\/\/192.168.1.88\/wordpress\/wp-content\/uploads\/2013\/04\/ventilador_malito.jpg\" style=\"margin-left: 1em; margin-right: 1em;\"><img loading=\"lazy\" border=\"0\" height=\"226\" src=\"http:\/\/192.168.1.88\/wordpress\/wp-content\/uploads\/2013\/04\/ventilador_malito-300x212.jpg\" width=\"320\" \/><\/a><\/div>\n<p>PASO 3: Me pongo manos a la obra, el ventilador est\u00e1 escondido muy escondido, detr\u00e1s de todo, detr\u00e1s de la consola, por detr\u00e1s de los pedales, Malito es un coche peque\u00f1o, yo soy tirando para grande. Tiro los asientos para atr\u00e1s, me retuerzo, me retuerzo m\u00e1s, la cabeza debajo del volante, los pi\u00e9s en el maletero (Malito es MUY peque\u00f1o), el asiento se me clava en los ri\u00f1ones, estoy apoyado &nbsp;en la nuca, sudo, el frontal se me resbala, no veo un carajo pero lo consigo: CLAC!! se ha desencajado. bien, tiro de \u00e9l y listo..jejejjajsjajsjajejejejajsjasjasja. est\u00e1 desencajado pero no sale ni a la de tres: lo muevo todo, aprieto el acelerador para hacer un poco de hueco, suelto el volante para que la barra de direcci\u00f3n tenga un poco de juego, pruebo, sale un poco, se encaja \u00a1Cuantos salientes tiene!, pruebo otra vez, sudo mucho, me retuerzo, duele el ri\u00f1on, sigo intent\u00e1ndolo&#8230;. media hora y miles de improperios despu\u00e9s sale. uffffffffffffff. Vale, es el mismo, ma\u00f1ana a las 9.00 estoy en el desguace lo compro y lo cambio.<\/p>\n<p>Pero claro, la curiosidad mat\u00f3 al gato, subo el motor a la casa, \u00bflo pruebo?. Venga, lo enchufo a la fuente de 12v. cable rojo, cable negro, &#8230;. FUNCIONA. NO-ES-EL-VENTILADOR. Quiero llorar, \u00bfd\u00f3nde est\u00e1 el fallo?. Previamente ya desmont\u00e9 la consola y los mandos para ver si hab\u00eda algo quemado, pero todo parec\u00eda estar bien. Maldici\u00f3n, voy a tener que palmar en la Citroen -argh-. Total, ya puestos le doy un limpi\u00f3n, lo engraso con un poco de WD-40 y me propongo volver a instalarlo (meterlo en su sitio va a ser una odisea).<\/p>\n<p>Llego al coche, me pongo darle vueltas y a seguir cables, y de repente llego a un conector que est\u00e1 mas o menos en el mismo sitio que el ventilador pero por el lado del acompa\u00f1ante. Un tornillo, dos clavijas, desarmo, saco, y sale esto:<\/p>\n<div style=\"clear: both; text-align: center;\"><a href=\"http:\/\/192.168.1.88\/wordpress\/wp-content\/uploads\/2013\/04\/resistencia_ventilador.jpg\" style=\"margin-left: 1em; margin-right: 1em;\"><img loading=\"lazy\" border=\"0\" height=\"320\" src=\"http:\/\/192.168.1.88\/wordpress\/wp-content\/uploads\/2013\/04\/resistencia_ventilador-300x300.jpg\" width=\"320\" \/><\/a><\/div>\n<p>\u00bfEsto que es lo que es?. Sigo desmontando, quito la carcasa de pl\u00e1stico negro, aparece un circuito, lo miro, lo remiro y&#8230;&#8230;..\u00a1\u00a1\u00a1HAY DOS SOLDADURAS SUELTAS!!!. Esta es la m\u00eda, subo a casa, punto de soldadura, esta\u00f1o y flux como si no hubiera ma\u00f1ana, limpio, encajo, bajo a coche, lo presento todo y<\/p>\n<div style=\"text-align: center;\"><span style=\"background-color: red; font-size: x-large;\"><b>\u00a1\u00a1\u00a1FUNCIONA!!!!<\/b><\/span><\/div>\n<p>Volver a encajarlo todo fu\u00e9 otro suplicio, pero hecho con otro \u00e1nimo. Una hora despu\u00e9s el ventilador volv\u00eda a estar en su sitio.<\/p>\n<div style=\"clear: both; text-align: center;\"><\/div>\n","protected":false},"excerpt":{"rendered":"<p>Malito es nuestro coche, un Citro\u00ebn C2 de color negro (s\u00ed, que pasa, tiene nombre). Pues hace ahora como un a\u00f1o que se le fu\u00e9 el ventilador del habit\u00e1culo. Una de esas aver\u00edas que te joden la vida, el coche funciona, intuyes que te va a costar un ri\u00f1\u00f3n y te da miedo ir a [&hellip;]<\/p>\n","protected":false},"author":1,"featured_media":397,"comment_status":"open","ping_status":"open","sticky":false,"template":"","format":"standard","meta":[],"categories":[1,2],"tags":[],"_links":{"self":[{"href":"http:\/\/fabriquilla25.com\/index.php?rest_route=\/wp\/v2\/posts\/333"}],"collection":[{"href":"http:\/\/fabriquilla25.com\/index.php?rest_route=\/wp\/v2\/posts"}],"about":[{"href":"http:\/\/fabriquilla25.com\/index.php?rest_route=\/wp\/v2\/types\/post"}],"author":[{"embeddable":true,"href":"http:\/\/fabriquilla25.com\/index.php?rest_route=\/wp\/v2\/users\/1"}],"replies":[{"embeddable":true,"href":"http:\/\/fabriquilla25.com\/index.php?rest_route=%2Fwp%2Fv2%2Fcomments&post=333"}],"version-history":[{"count":1,"href":"http:\/\/fabriquilla25.com\/index.php?rest_route=\/wp\/v2\/posts\/333\/revisions"}],"predecessor-version":[{"id":469,"href":"http:\/\/fabriquilla25.com\/index.php?rest_route=\/wp\/v2\/posts\/333\/revisions\/469"}],"wp:featuredmedia":[{"embeddable":true,"href":"http:\/\/fabriquilla25.com\/index.php?rest_route=\/wp\/v2\/media\/397"}],"wp:attachment":[{"href":"http:\/\/fabriquilla25.com\/index.php?rest_route=%2Fwp%2Fv2%2Fmedia&parent=333"}],"wp:term":[{"taxonomy":"category","embeddable":true,"href":"http:\/\/fabriquilla25.com\/index.php?rest_route=%2Fwp%2Fv2%2Fcategories&post=333"},{"taxonomy":"post_tag","embeddable":true,"href":"http:\/\/fabriquilla25.com\/index.php?rest_route=%2Fwp%2Fv2%2Ftags&post=333"}],"curies":[{"name":"wp","href":"https:\/\/api.w.org\/{rel}","templated":true}]}}