{"id":912,"date":"2011-08-12T12:37:00","date_gmt":"2011-08-12T12:37:00","guid":{"rendered":"http:\/\/fabriquilla25.com\/?p=912"},"modified":"2015-04-30T15:54:28","modified_gmt":"2015-04-30T15:54:28","slug":"quien-dijo-que-al-tercer-dia-hacias-callo-y-ya-no-dolia-mas-el-culo","status":"publish","type":"post","link":"http:\/\/fabriquilla25.com\/?p=912","title":{"rendered":"\u00bfQuien dijo que al tercer d\u00eda hac\u00edas callo y ya no dol\u00eda m\u00e1s el culo?"},"content":{"rendered":"<p>MENTIRA !!!!!  MENTIRA PODR\u00cdA!!!!<\/p>\n","protected":false},"excerpt":{"rendered":"<p>MENTIRA !!!!! MENTIRA PODR\u00cdA!!!!<\/p>\n","protected":false},"author":4,"featured_media":0,"comment_status":"open","ping_status":"open","sticky":false,"template":"","format":"standard","meta":[],"categories":[6,1],"tags":[],"_links":{"self":[{"href":"http:\/\/fabriquilla25.com\/index.php?rest_route=\/wp\/v2\/posts\/912"}],"collection":[{"href":"http:\/\/fabriquilla25.com\/index.php?rest_route=\/wp\/v2\/posts"}],"about":[{"href":"http:\/\/fabriquilla25.com\/index.php?rest_route=\/wp\/v2\/types\/post"}],"author":[{"embeddable":true,"href":"http:\/\/fabriquilla25.com\/index.php?rest_route=\/wp\/v2\/users\/4"}],"replies":[{"embeddable":true,"href":"http:\/\/fabriquilla25.com\/index.php?rest_route=%2Fwp%2Fv2%2Fcomments&post=912"}],"version-history":[{"count":1,"href":"http:\/\/fabriquilla25.com\/index.php?rest_route=\/wp\/v2\/posts\/912\/revisions"}],"predecessor-version":[{"id":1093,"href":"http:\/\/fabriquilla25.com\/index.php?rest_route=\/wp\/v2\/posts\/912\/revisions\/1093"}],"wp:attachment":[{"href":"http:\/\/fabriquilla25.com\/index.php?rest_route=%2Fwp%2Fv2%2Fmedia&parent=912"}],"wp:term":[{"taxonomy":"category","embeddable":true,"href":"http:\/\/fabriquilla25.com\/index.php?rest_route=%2Fwp%2Fv2%2Fcategories&post=912"},{"taxonomy":"post_tag","embeddable":true,"href":"http:\/\/fabriquilla25.com\/index.php?rest_route=%2Fwp%2Fv2%2Ftags&post=912"}],"curies":[{"name":"wp","href":"https:\/\/api.w.org\/{rel}","templated":true}]}}